{"id":3592,"date":"2024-10-22T21:33:54","date_gmt":"2024-10-22T19:33:54","guid":{"rendered":"https:\/\/wgphoto.pl\/t\/?p=3592"},"modified":"2024-10-22T21:35:17","modified_gmt":"2024-10-22T19:35:17","slug":"105na-22422243","status":"publish","type":"post","link":"https:\/\/wgphoto.pl\/t\/?p=3592","title":{"rendered":"105Na 2242+2243"},"content":{"rendered":"\n<figure class=\"wp-block-image aligncenter size-full\"><img loading=\"lazy\" decoding=\"async\" width=\"1200\" height=\"800\" src=\"https:\/\/wgphoto.pl\/t\/wp-content\/uploads\/2024\/10\/0515-02.jpg\" alt=\"\" class=\"wp-image-3593\" srcset=\"https:\/\/wgphoto.pl\/t\/wp-content\/uploads\/2024\/10\/0515-02.jpg 1200w, https:\/\/wgphoto.pl\/t\/wp-content\/uploads\/2024\/10\/0515-02-300x200.jpg 300w, https:\/\/wgphoto.pl\/t\/wp-content\/uploads\/2024\/10\/0515-02-768x512.jpg 768w\" sizes=\"auto, (max-width: 1200px) 100vw, 1200px\" \/><\/figure>\n\n\n\n<div class=\"wp-block-group has-global-padding is-layout-constrained wp-block-group-is-layout-constrained\">\n<p>Wroc\u0142aw, pl. Orl\u0105t Lwowskich. Objazdowa pi\u0105tka na \u0142uku, kt\u00f3ry w ramach obecnej przebudowy zostanie zlikwidowany. W zamian \u0142uk dla analogicznej relacji kilka miesi\u0119cy temu zbudowano na s\u0105siednim skrzy\u017cowaniu z ul. S\u0105dow\u0105. 13.07.2005<\/p>\n<\/div>\n","protected":false},"excerpt":{"rendered":"<p>Wroc\u0142aw, pl. Orl\u0105t Lwowskich. Objazdowa pi\u0105tka na \u0142uku, kt\u00f3ry w ramach obecnej przebudowy zostanie zlikwidowany. W zamian \u0142uk dla analogicznej relacji kilka miesi\u0119cy temu zbudowano na s\u0105siednim skrzy\u017cowaniu z ul. S\u0105dow\u0105. 13.07.2005<\/p>\n","protected":false},"author":1,"featured_media":3593,"comment_status":"open","ping_status":"","sticky":false,"template":"","format":"standard","meta":{"footnotes":""},"categories":[62,311,3],"tags":[155,1610,418,42,27,176,41],"class_list":["post-3592","post","type-post","status-publish","format-standard","has-post-thumbnail","hentry","category-analog","category-rok-2005","category-tramwaj","tag-105na","tag-2005-07-13","tag-auto","tag-mpk-wroclaw","tag-polska","tag-rano","tag-wroclaw"],"_links":{"self":[{"href":"https:\/\/wgphoto.pl\/t\/index.php?rest_route=\/wp\/v2\/posts\/3592","targetHints":{"allow":["GET"]}}],"collection":[{"href":"https:\/\/wgphoto.pl\/t\/index.php?rest_route=\/wp\/v2\/posts"}],"about":[{"href":"https:\/\/wgphoto.pl\/t\/index.php?rest_route=\/wp\/v2\/types\/post"}],"author":[{"embeddable":true,"href":"https:\/\/wgphoto.pl\/t\/index.php?rest_route=\/wp\/v2\/users\/1"}],"replies":[{"embeddable":true,"href":"https:\/\/wgphoto.pl\/t\/index.php?rest_route=%2Fwp%2Fv2%2Fcomments&post=3592"}],"version-history":[{"count":2,"href":"https:\/\/wgphoto.pl\/t\/index.php?rest_route=\/wp\/v2\/posts\/3592\/revisions"}],"predecessor-version":[{"id":3595,"href":"https:\/\/wgphoto.pl\/t\/index.php?rest_route=\/wp\/v2\/posts\/3592\/revisions\/3595"}],"wp:featuredmedia":[{"embeddable":true,"href":"https:\/\/wgphoto.pl\/t\/index.php?rest_route=\/wp\/v2\/media\/3593"}],"wp:attachment":[{"href":"https:\/\/wgphoto.pl\/t\/index.php?rest_route=%2Fwp%2Fv2%2Fmedia&parent=3592"}],"wp:term":[{"taxonomy":"category","embeddable":true,"href":"https:\/\/wgphoto.pl\/t\/index.php?rest_route=%2Fwp%2Fv2%2Fcategories&post=3592"},{"taxonomy":"post_tag","embeddable":true,"href":"https:\/\/wgphoto.pl\/t\/index.php?rest_route=%2Fwp%2Fv2%2Ftags&post=3592"}],"curies":[{"name":"wp","href":"https:\/\/api.w.org\/{rel}","templated":true}]}}