{"id":3596,"date":"2024-10-22T21:36:37","date_gmt":"2024-10-22T19:36:37","guid":{"rendered":"https:\/\/wgphoto.pl\/t\/?p=3596"},"modified":"2024-10-23T19:05:04","modified_gmt":"2024-10-23T17:05:04","slug":"jastrzebna","status":"publish","type":"post","link":"https:\/\/wgphoto.pl\/t\/?p=3596","title":{"rendered":"Jastrz\u0119bna"},"content":{"rendered":"\n<figure class=\"wp-block-image aligncenter size-full\"><img loading=\"lazy\" decoding=\"async\" width=\"1200\" height=\"800\" src=\"https:\/\/wgphoto.pl\/t\/wp-content\/uploads\/2024\/10\/0509-30.jpg\" alt=\"\" class=\"wp-image-3597\" srcset=\"https:\/\/wgphoto.pl\/t\/wp-content\/uploads\/2024\/10\/0509-30.jpg 1200w, https:\/\/wgphoto.pl\/t\/wp-content\/uploads\/2024\/10\/0509-30-300x200.jpg 300w, https:\/\/wgphoto.pl\/t\/wp-content\/uploads\/2024\/10\/0509-30-768x512.jpg 768w\" sizes=\"auto, (max-width: 1200px) 100vw, 1200px\" \/><\/figure>\n\n\n\n<div class=\"wp-block-group has-global-padding is-layout-constrained wp-block-group-is-layout-constrained\">\n<p>SU45-060 z poci\u0105giem pospiesznym 13503 &#8222;Wigry&#8221; z Suwa\u0142k do Krakowa P\u0142aszowa i Bielska-Bia\u0142ej w trakcie postoju technicznego na krzy\u017cowanie ze sk\u0142adem jad\u0105cym w przeciwn\u0105 stron\u0119. 02.05.2005<\/p>\n<\/div>\n","protected":false},"excerpt":{"rendered":"<p>SU45-060 z poci\u0105giem pospiesznym 13503 &#8222;Wigry&#8221; z Suwa\u0142k do Krakowa P\u0142aszowa i Bielska-Bia\u0142ej w trakcie postoju technicznego na krzy\u017cowanie ze sk\u0142adem jad\u0105cym w przeciwn\u0105 stron\u0119. 02.05.2005<\/p>\n","protected":false},"author":1,"featured_media":3597,"comment_status":"open","ping_status":"","sticky":false,"template":"","format":"standard","meta":{"footnotes":""},"categories":[62,2,311],"tags":[591,1611,645,63,27,290,643,90],"class_list":["post-3596","post","type-post","status-publish","format-standard","has-post-thumbnail","hentry","category-analog","category-kolej","category-rok-2005","tag-2005-05-02","tag-jastrzebna","tag-majowka-2005-2","tag-pkp","tag-polska","tag-su45","tag-tab-pl530","tag-wieczorem"],"_links":{"self":[{"href":"https:\/\/wgphoto.pl\/t\/index.php?rest_route=\/wp\/v2\/posts\/3596","targetHints":{"allow":["GET"]}}],"collection":[{"href":"https:\/\/wgphoto.pl\/t\/index.php?rest_route=\/wp\/v2\/posts"}],"about":[{"href":"https:\/\/wgphoto.pl\/t\/index.php?rest_route=\/wp\/v2\/types\/post"}],"author":[{"embeddable":true,"href":"https:\/\/wgphoto.pl\/t\/index.php?rest_route=\/wp\/v2\/users\/1"}],"replies":[{"embeddable":true,"href":"https:\/\/wgphoto.pl\/t\/index.php?rest_route=%2Fwp%2Fv2%2Fcomments&post=3596"}],"version-history":[{"count":1,"href":"https:\/\/wgphoto.pl\/t\/index.php?rest_route=\/wp\/v2\/posts\/3596\/revisions"}],"predecessor-version":[{"id":3598,"href":"https:\/\/wgphoto.pl\/t\/index.php?rest_route=\/wp\/v2\/posts\/3596\/revisions\/3598"}],"wp:featuredmedia":[{"embeddable":true,"href":"https:\/\/wgphoto.pl\/t\/index.php?rest_route=\/wp\/v2\/media\/3597"}],"wp:attachment":[{"href":"https:\/\/wgphoto.pl\/t\/index.php?rest_route=%2Fwp%2Fv2%2Fmedia&parent=3596"}],"wp:term":[{"taxonomy":"category","embeddable":true,"href":"https:\/\/wgphoto.pl\/t\/index.php?rest_route=%2Fwp%2Fv2%2Fcategories&post=3596"},{"taxonomy":"post_tag","embeddable":true,"href":"https:\/\/wgphoto.pl\/t\/index.php?rest_route=%2Fwp%2Fv2%2Ftags&post=3596"}],"curies":[{"name":"wp","href":"https:\/\/api.w.org\/{rel}","templated":true}]}}