{"id":3623,"date":"2024-10-23T18:20:56","date_gmt":"2024-10-23T16:20:56","guid":{"rendered":"https:\/\/wgphoto.pl\/t\/?p=3623"},"modified":"2025-04-06T21:53:26","modified_gmt":"2025-04-06T19:53:26","slug":"dwa-szaraki","status":"publish","type":"post","link":"https:\/\/wgphoto.pl\/t\/?p=3623","title":{"rendered":"Dwa szaraki"},"content":{"rendered":"\n<figure class=\"wp-block-image aligncenter size-full\"><img loading=\"lazy\" decoding=\"async\" width=\"1200\" height=\"800\" src=\"https:\/\/wgphoto.pl\/t\/wp-content\/uploads\/2024\/10\/0327-37.jpg\" alt=\"\" class=\"wp-image-3624\" srcset=\"https:\/\/wgphoto.pl\/t\/wp-content\/uploads\/2024\/10\/0327-37.jpg 1200w, https:\/\/wgphoto.pl\/t\/wp-content\/uploads\/2024\/10\/0327-37-300x200.jpg 300w, https:\/\/wgphoto.pl\/t\/wp-content\/uploads\/2024\/10\/0327-37-768x512.jpg 768w\" sizes=\"auto, (max-width: 1200px) 100vw, 1200px\" \/><\/figure>\n\n\n\n<div class=\"wp-block-group has-global-padding is-layout-constrained wp-block-group-is-layout-constrained\">\n<p>Chorz\u00f3w, ul. Katowicka. Z cyklu: zdj\u0119cia nieudane, ale maj\u0105ce jednak co\u015b w sobie. 30.07.2003<\/p>\n<\/div>\n","protected":false},"excerpt":{"rendered":"<p>Chorz\u00f3w, ul. Katowicka. Z cyklu: zdj\u0119cia nieudane, ale maj\u0105ce jednak co\u015b w sobie. 30.07.2003<\/p>\n","protected":false},"author":1,"featured_media":3624,"comment_status":"open","ping_status":"","sticky":false,"template":"","format":"standard","meta":{"footnotes":""},"categories":[62,149,3],"tags":[1090,1621,418,1622,277,1992,27,279],"class_list":["post-3623","post","type-post","status-publish","format-standard","has-post-thumbnail","hentry","category-analog","category-rok-2003","category-tramwaj","tag-2003-07-30","tag-alstom-citadis100","tag-auto","tag-chorzow","tag-gop","tag-konstal-116nx","tag-polska","tag-tramwaje-slaskie"],"_links":{"self":[{"href":"https:\/\/wgphoto.pl\/t\/index.php?rest_route=\/wp\/v2\/posts\/3623","targetHints":{"allow":["GET"]}}],"collection":[{"href":"https:\/\/wgphoto.pl\/t\/index.php?rest_route=\/wp\/v2\/posts"}],"about":[{"href":"https:\/\/wgphoto.pl\/t\/index.php?rest_route=\/wp\/v2\/types\/post"}],"author":[{"embeddable":true,"href":"https:\/\/wgphoto.pl\/t\/index.php?rest_route=\/wp\/v2\/users\/1"}],"replies":[{"embeddable":true,"href":"https:\/\/wgphoto.pl\/t\/index.php?rest_route=%2Fwp%2Fv2%2Fcomments&post=3623"}],"version-history":[{"count":1,"href":"https:\/\/wgphoto.pl\/t\/index.php?rest_route=\/wp\/v2\/posts\/3623\/revisions"}],"predecessor-version":[{"id":3625,"href":"https:\/\/wgphoto.pl\/t\/index.php?rest_route=\/wp\/v2\/posts\/3623\/revisions\/3625"}],"wp:featuredmedia":[{"embeddable":true,"href":"https:\/\/wgphoto.pl\/t\/index.php?rest_route=\/wp\/v2\/media\/3624"}],"wp:attachment":[{"href":"https:\/\/wgphoto.pl\/t\/index.php?rest_route=%2Fwp%2Fv2%2Fmedia&parent=3623"}],"wp:term":[{"taxonomy":"category","embeddable":true,"href":"https:\/\/wgphoto.pl\/t\/index.php?rest_route=%2Fwp%2Fv2%2Fcategories&post=3623"},{"taxonomy":"post_tag","embeddable":true,"href":"https:\/\/wgphoto.pl\/t\/index.php?rest_route=%2Fwp%2Fv2%2Ftags&post=3623"}],"curies":[{"name":"wp","href":"https:\/\/api.w.org\/{rel}","templated":true}]}}