{"id":3626,"date":"2024-10-23T18:21:58","date_gmt":"2024-10-23T16:21:58","guid":{"rendered":"https:\/\/wgphoto.pl\/t\/?p=3626"},"modified":"2024-10-23T18:21:58","modified_gmt":"2024-10-23T16:21:58","slug":"et21-331","status":"publish","type":"post","link":"https:\/\/wgphoto.pl\/t\/?p=3626","title":{"rendered":"ET21-331"},"content":{"rendered":"\n<figure class=\"wp-block-image aligncenter size-full\"><img loading=\"lazy\" decoding=\"async\" width=\"1200\" height=\"800\" src=\"https:\/\/wgphoto.pl\/t\/wp-content\/uploads\/2024\/10\/2001e-30a.jpg\" alt=\"\" class=\"wp-image-3627\" srcset=\"https:\/\/wgphoto.pl\/t\/wp-content\/uploads\/2024\/10\/2001e-30a.jpg 1200w, https:\/\/wgphoto.pl\/t\/wp-content\/uploads\/2024\/10\/2001e-30a-300x200.jpg 300w, https:\/\/wgphoto.pl\/t\/wp-content\/uploads\/2024\/10\/2001e-30a-768x512.jpg 768w\" sizes=\"auto, (max-width: 1200px) 100vw, 1200px\" \/><\/figure>\n\n\n\n<div class=\"wp-block-group has-global-padding is-layout-constrained wp-block-group-is-layout-constrained\">\n<p>Wroc\u0142aw Zachodni. Poci\u0105g osobowy 221 z Wroc\u0142awia G\u0142\u00f3wnego do Jeleniej G\u00f3ry rozp\u0119dza si\u0119 po pierwszym postoju na trasie. 06.03.2001<\/p>\n<\/div>\n","protected":false},"excerpt":{"rendered":"<p>Wroc\u0142aw Zachodni. Poci\u0105g osobowy 221 z Wroc\u0142awia G\u0142\u00f3wnego do Jeleniej G\u00f3ry rozp\u0119dza si\u0119 po pierwszym postoju na trasie. 06.03.2001<\/p>\n","protected":false},"author":1,"featured_media":3627,"comment_status":"open","ping_status":"","sticky":false,"template":"","format":"standard","meta":{"footnotes":""},"categories":[62,2,940],"tags":[1624,288,198,63,27,200,90,41,1623],"class_list":["post-3626","post","type-post","status-publish","format-standard","has-post-thumbnail","hentry","category-analog","category-kolej","category-rok-2001","tag-2001-03-06","tag-bipa","tag-et21","tag-pkp","tag-polska","tag-tab-pl240","tag-wieczorem","tag-wroclaw","tag-wroclaw-zachodni"],"_links":{"self":[{"href":"https:\/\/wgphoto.pl\/t\/index.php?rest_route=\/wp\/v2\/posts\/3626","targetHints":{"allow":["GET"]}}],"collection":[{"href":"https:\/\/wgphoto.pl\/t\/index.php?rest_route=\/wp\/v2\/posts"}],"about":[{"href":"https:\/\/wgphoto.pl\/t\/index.php?rest_route=\/wp\/v2\/types\/post"}],"author":[{"embeddable":true,"href":"https:\/\/wgphoto.pl\/t\/index.php?rest_route=\/wp\/v2\/users\/1"}],"replies":[{"embeddable":true,"href":"https:\/\/wgphoto.pl\/t\/index.php?rest_route=%2Fwp%2Fv2%2Fcomments&post=3626"}],"version-history":[{"count":1,"href":"https:\/\/wgphoto.pl\/t\/index.php?rest_route=\/wp\/v2\/posts\/3626\/revisions"}],"predecessor-version":[{"id":3628,"href":"https:\/\/wgphoto.pl\/t\/index.php?rest_route=\/wp\/v2\/posts\/3626\/revisions\/3628"}],"wp:featuredmedia":[{"embeddable":true,"href":"https:\/\/wgphoto.pl\/t\/index.php?rest_route=\/wp\/v2\/media\/3627"}],"wp:attachment":[{"href":"https:\/\/wgphoto.pl\/t\/index.php?rest_route=%2Fwp%2Fv2%2Fmedia&parent=3626"}],"wp:term":[{"taxonomy":"category","embeddable":true,"href":"https:\/\/wgphoto.pl\/t\/index.php?rest_route=%2Fwp%2Fv2%2Fcategories&post=3626"},{"taxonomy":"post_tag","embeddable":true,"href":"https:\/\/wgphoto.pl\/t\/index.php?rest_route=%2Fwp%2Fv2%2Ftags&post=3626"}],"curies":[{"name":"wp","href":"https:\/\/api.w.org\/{rel}","templated":true}]}}