{"id":3638,"date":"2024-10-23T18:25:43","date_gmt":"2024-10-23T16:25:43","guid":{"rendered":"https:\/\/wgphoto.pl\/t\/?p=3638"},"modified":"2024-10-23T18:25:43","modified_gmt":"2024-10-23T16:25:43","slug":"mijanka-klasykow","status":"publish","type":"post","link":"https:\/\/wgphoto.pl\/t\/?p=3638","title":{"rendered":"Mijanka klasyk\u00f3w"},"content":{"rendered":"\n<figure class=\"wp-block-image aligncenter size-full\"><img loading=\"lazy\" decoding=\"async\" width=\"750\" height=\"1000\" src=\"https:\/\/wgphoto.pl\/t\/wp-content\/uploads\/2024\/10\/0325-25.jpg\" alt=\"\" class=\"wp-image-3639\" srcset=\"https:\/\/wgphoto.pl\/t\/wp-content\/uploads\/2024\/10\/0325-25.jpg 750w, https:\/\/wgphoto.pl\/t\/wp-content\/uploads\/2024\/10\/0325-25-225x300.jpg 225w\" sizes=\"auto, (max-width: 750px) 100vw, 750px\" \/><\/figure>\n\n\n\n<div class=\"wp-block-group has-global-padding is-layout-constrained wp-block-group-is-layout-constrained\">\n<p>Szczecin, na skrzy\u017cowaniu ul. Ignacego Krasi\u0144skiego z al. Wyzwolenia stodw\u00f3jka nr 612 mija si\u0119 z ciekaw\u0105 odmian\u0105 poloneza. 24.07.2003<\/p>\n<\/div>\n","protected":false},"excerpt":{"rendered":"<p>Szczecin, na skrzy\u017cowaniu ul. Ignacego Krasi\u0144skiego z al. Wyzwolenia stodw\u00f3jka nr 612 mija si\u0119 z ciekaw\u0105 odmian\u0105 poloneza. 24.07.2003<\/p>\n","protected":false},"author":1,"featured_media":3639,"comment_status":"open","ping_status":"","sticky":false,"template":"","format":"standard","meta":{"footnotes":""},"categories":[62,128,149,3],"tags":[1627,418,309,740,27,301],"class_list":["post-3638","post","type-post","status-publish","format-standard","has-post-thumbnail","hentry","category-analog","category-pionowe","category-rok-2003","category-tramwaj","tag-2003-07-24","tag-auto","tag-konstal-102na","tag-mzk-szczecin","tag-polska","tag-szczecin"],"_links":{"self":[{"href":"https:\/\/wgphoto.pl\/t\/index.php?rest_route=\/wp\/v2\/posts\/3638","targetHints":{"allow":["GET"]}}],"collection":[{"href":"https:\/\/wgphoto.pl\/t\/index.php?rest_route=\/wp\/v2\/posts"}],"about":[{"href":"https:\/\/wgphoto.pl\/t\/index.php?rest_route=\/wp\/v2\/types\/post"}],"author":[{"embeddable":true,"href":"https:\/\/wgphoto.pl\/t\/index.php?rest_route=\/wp\/v2\/users\/1"}],"replies":[{"embeddable":true,"href":"https:\/\/wgphoto.pl\/t\/index.php?rest_route=%2Fwp%2Fv2%2Fcomments&post=3638"}],"version-history":[{"count":1,"href":"https:\/\/wgphoto.pl\/t\/index.php?rest_route=\/wp\/v2\/posts\/3638\/revisions"}],"predecessor-version":[{"id":3640,"href":"https:\/\/wgphoto.pl\/t\/index.php?rest_route=\/wp\/v2\/posts\/3638\/revisions\/3640"}],"wp:featuredmedia":[{"embeddable":true,"href":"https:\/\/wgphoto.pl\/t\/index.php?rest_route=\/wp\/v2\/media\/3639"}],"wp:attachment":[{"href":"https:\/\/wgphoto.pl\/t\/index.php?rest_route=%2Fwp%2Fv2%2Fmedia&parent=3638"}],"wp:term":[{"taxonomy":"category","embeddable":true,"href":"https:\/\/wgphoto.pl\/t\/index.php?rest_route=%2Fwp%2Fv2%2Fcategories&post=3638"},{"taxonomy":"post_tag","embeddable":true,"href":"https:\/\/wgphoto.pl\/t\/index.php?rest_route=%2Fwp%2Fv2%2Ftags&post=3638"}],"curies":[{"name":"wp","href":"https:\/\/api.w.org\/{rel}","templated":true}]}}