{"id":3644,"date":"2024-10-23T18:27:37","date_gmt":"2024-10-23T16:27:37","guid":{"rendered":"https:\/\/wgphoto.pl\/t\/?p=3644"},"modified":"2024-10-23T18:27:37","modified_gmt":"2024-10-23T16:27:37","slug":"calkiem-znajomo","status":"publish","type":"post","link":"https:\/\/wgphoto.pl\/t\/?p=3644","title":{"rendered":"Ca\u0142kiem znajomo"},"content":{"rendered":"\n<figure class=\"wp-block-image aligncenter size-full\"><img loading=\"lazy\" decoding=\"async\" width=\"1300\" height=\"861\" src=\"https:\/\/wgphoto.pl\/t\/wp-content\/uploads\/2024\/10\/IMGP8665.jpg\" alt=\"\" class=\"wp-image-3645\" srcset=\"https:\/\/wgphoto.pl\/t\/wp-content\/uploads\/2024\/10\/IMGP8665.jpg 1300w, https:\/\/wgphoto.pl\/t\/wp-content\/uploads\/2024\/10\/IMGP8665-300x199.jpg 300w, https:\/\/wgphoto.pl\/t\/wp-content\/uploads\/2024\/10\/IMGP8665-768x509.jpg 768w\" sizes=\"auto, (max-width: 1300px) 100vw, 1300px\" \/><\/figure>\n\n\n\n<div class=\"wp-block-group has-global-padding is-layout-constrained wp-block-group-is-layout-constrained\">\n<p>Berlin, Romain-Rolland-Stra\u00dfe. Nowy niskacz przed chwil\u0105 odjecha\u0142 z p\u0119tli Heinersdorf i pod\u0105\u017ca jednotorem w kierunku centrum miasta. Brukowana ulica, lekki nie\u0142ad i modernistyczne kamienice prezentuj\u0105 si\u0119 ca\u0142kiem wroc\u0142awsko. 25.11.2014<\/p>\n<\/div>\n","protected":false},"excerpt":{"rendered":"<p>Berlin, Romain-Rolland-Stra\u00dfe. Nowy niskacz przed chwil\u0105 odjecha\u0142 z p\u0119tli Heinersdorf i pod\u0105\u017ca jednotorem w kierunku centrum miasta. Brukowana ulica, lekki nie\u0142ad i modernistyczne kamienice prezentuj\u0105 si\u0119 ca\u0142kiem wroc\u0142awsko. 25.11.2014<\/p>\n","protected":false},"author":1,"featured_media":3645,"comment_status":"open","ping_status":"","sticky":false,"template":"","format":"standard","meta":{"footnotes":""},"categories":[48,3],"tags":[1630,639,1629,1628,23],"class_list":["post-3644","post","type-post","status-publish","format-standard","has-post-thumbnail","hentry","category-rok-2014","category-tramwaj","tag-2014-11-25","tag-berlin","tag-bombardier-flexity-berlin","tag-bvg-berlin","tag-niemcy"],"_links":{"self":[{"href":"https:\/\/wgphoto.pl\/t\/index.php?rest_route=\/wp\/v2\/posts\/3644","targetHints":{"allow":["GET"]}}],"collection":[{"href":"https:\/\/wgphoto.pl\/t\/index.php?rest_route=\/wp\/v2\/posts"}],"about":[{"href":"https:\/\/wgphoto.pl\/t\/index.php?rest_route=\/wp\/v2\/types\/post"}],"author":[{"embeddable":true,"href":"https:\/\/wgphoto.pl\/t\/index.php?rest_route=\/wp\/v2\/users\/1"}],"replies":[{"embeddable":true,"href":"https:\/\/wgphoto.pl\/t\/index.php?rest_route=%2Fwp%2Fv2%2Fcomments&post=3644"}],"version-history":[{"count":1,"href":"https:\/\/wgphoto.pl\/t\/index.php?rest_route=\/wp\/v2\/posts\/3644\/revisions"}],"predecessor-version":[{"id":3646,"href":"https:\/\/wgphoto.pl\/t\/index.php?rest_route=\/wp\/v2\/posts\/3644\/revisions\/3646"}],"wp:featuredmedia":[{"embeddable":true,"href":"https:\/\/wgphoto.pl\/t\/index.php?rest_route=\/wp\/v2\/media\/3645"}],"wp:attachment":[{"href":"https:\/\/wgphoto.pl\/t\/index.php?rest_route=%2Fwp%2Fv2%2Fmedia&parent=3644"}],"wp:term":[{"taxonomy":"category","embeddable":true,"href":"https:\/\/wgphoto.pl\/t\/index.php?rest_route=%2Fwp%2Fv2%2Fcategories&post=3644"},{"taxonomy":"post_tag","embeddable":true,"href":"https:\/\/wgphoto.pl\/t\/index.php?rest_route=%2Fwp%2Fv2%2Ftags&post=3644"}],"curies":[{"name":"wp","href":"https:\/\/api.w.org\/{rel}","templated":true}]}}