{"id":3650,"date":"2024-10-23T18:29:44","date_gmt":"2024-10-23T16:29:44","guid":{"rendered":"https:\/\/wgphoto.pl\/t\/?p=3650"},"modified":"2024-10-23T18:29:44","modified_gmt":"2024-10-23T16:29:44","slug":"pociag-z-otchlani","status":"publish","type":"post","link":"https:\/\/wgphoto.pl\/t\/?p=3650","title":{"rendered":"Poci\u0105g z otch\u0142ani"},"content":{"rendered":"\n<figure class=\"wp-block-image aligncenter size-full\"><img loading=\"lazy\" decoding=\"async\" width=\"1200\" height=\"803\" src=\"https:\/\/wgphoto.pl\/t\/wp-content\/uploads\/2024\/10\/IMGP3985.jpg\" alt=\"\" class=\"wp-image-3651\" srcset=\"https:\/\/wgphoto.pl\/t\/wp-content\/uploads\/2024\/10\/IMGP3985.jpg 1200w, https:\/\/wgphoto.pl\/t\/wp-content\/uploads\/2024\/10\/IMGP3985-300x201.jpg 300w, https:\/\/wgphoto.pl\/t\/wp-content\/uploads\/2024\/10\/IMGP3985-768x514.jpg 768w\" sizes=\"auto, (max-width: 1200px) 100vw, 1200px\" \/><\/figure>\n\n\n\n<div class=\"wp-block-group has-global-padding is-layout-constrained wp-block-group-is-layout-constrained\">\n<p>Poci\u0105g osobowy 28407 relacji Bechyn\u011b &#8211; T\u00e1bor opu\u015bci\u0142 przed chwil\u0105 stacj\u0119 pocz\u0105tkow\u0105 i teraz przekracza rzek\u0119 Lu\u017enic\u0119 mostem drogowo &#8211; kolejowym, tocz\u0105c si\u0119 pod pr\u0105d z pr\u0119dko\u015bci\u0105 10 km\/h. W tym czasie ruch na tym pasie drogowym jest wstrzymywany przed mostem za pomoc\u0105 SSP. Warunki pogodowe oraz efekt nuklearnej eksplozji w wykonaniu przednich \u015bwiate\u0142 jakiej\u015b ci\u0119\u017car\u00f3wki, kt\u00f3rej kierowca ba\u0142 si\u0119 wyprzedzi\u0107 poci\u0105g (a mo\u017ce i si\u0119 nie mie\u015bci\u0142 na prawym pasie, cho\u0107 w to w\u0105tpi\u0119) nie s\u0105 elementami, kt\u00f3rych si\u0119 po tym zdj\u0119ciu spodziewa\u0142em. 26.09.2011<\/p>\n<\/div>\n","protected":false},"excerpt":{"rendered":"<p>Poci\u0105g osobowy 28407 relacji Bechyn\u011b &#8211; T\u00e1bor opu\u015bci\u0142 przed chwil\u0105 stacj\u0119 pocz\u0105tkow\u0105 i teraz przekracza rzek\u0119 Lu\u017enic\u0119 mostem drogowo &#8211; kolejowym, tocz\u0105c si\u0119 pod pr\u0105d z pr\u0119dko\u015bci\u0105 10 km\/h. W tym czasie ruch na tym pasie drogowym jest wstrzymywany przed mostem za pomoc\u0105 SSP. Warunki pogodowe oraz efekt nuklearnej eksplozji w wykonaniu przednich \u015bwiate\u0142 jakiej\u015b [&hellip;]<\/p>\n","protected":false},"author":1,"featured_media":3651,"comment_status":"open","ping_status":"","sticky":false,"template":"","format":"standard","meta":{"footnotes":""},"categories":[2,77],"tags":[1471,496,1541,91,50,49,230,821,45,176,1542],"class_list":["post-3650","post","type-post","status-publish","format-standard","has-post-thumbnail","hentry","category-kolej","category-rok-2011","tag-2011-09-26","tag-496","tag-bechyne","tag-blue-hour","tag-cd","tag-czechy","tag-infrastruktura","tag-mgla","tag-most","tag-rano","tag-tab-cz202"],"_links":{"self":[{"href":"https:\/\/wgphoto.pl\/t\/index.php?rest_route=\/wp\/v2\/posts\/3650","targetHints":{"allow":["GET"]}}],"collection":[{"href":"https:\/\/wgphoto.pl\/t\/index.php?rest_route=\/wp\/v2\/posts"}],"about":[{"href":"https:\/\/wgphoto.pl\/t\/index.php?rest_route=\/wp\/v2\/types\/post"}],"author":[{"embeddable":true,"href":"https:\/\/wgphoto.pl\/t\/index.php?rest_route=\/wp\/v2\/users\/1"}],"replies":[{"embeddable":true,"href":"https:\/\/wgphoto.pl\/t\/index.php?rest_route=%2Fwp%2Fv2%2Fcomments&post=3650"}],"version-history":[{"count":1,"href":"https:\/\/wgphoto.pl\/t\/index.php?rest_route=\/wp\/v2\/posts\/3650\/revisions"}],"predecessor-version":[{"id":3652,"href":"https:\/\/wgphoto.pl\/t\/index.php?rest_route=\/wp\/v2\/posts\/3650\/revisions\/3652"}],"wp:featuredmedia":[{"embeddable":true,"href":"https:\/\/wgphoto.pl\/t\/index.php?rest_route=\/wp\/v2\/media\/3651"}],"wp:attachment":[{"href":"https:\/\/wgphoto.pl\/t\/index.php?rest_route=%2Fwp%2Fv2%2Fmedia&parent=3650"}],"wp:term":[{"taxonomy":"category","embeddable":true,"href":"https:\/\/wgphoto.pl\/t\/index.php?rest_route=%2Fwp%2Fv2%2Fcategories&post=3650"},{"taxonomy":"post_tag","embeddable":true,"href":"https:\/\/wgphoto.pl\/t\/index.php?rest_route=%2Fwp%2Fv2%2Ftags&post=3650"}],"curies":[{"name":"wp","href":"https:\/\/api.w.org\/{rel}","templated":true}]}}