{"id":3653,"date":"2024-10-23T18:30:51","date_gmt":"2024-10-23T16:30:51","guid":{"rendered":"https:\/\/wgphoto.pl\/t\/?p=3653"},"modified":"2024-10-23T18:30:51","modified_gmt":"2024-10-23T16:30:51","slug":"tramwajowy-bukiecik","status":"publish","type":"post","link":"https:\/\/wgphoto.pl\/t\/?p=3653","title":{"rendered":"Tramwajowy bukiecik"},"content":{"rendered":"\n<figure class=\"wp-block-image aligncenter size-full\"><img loading=\"lazy\" decoding=\"async\" width=\"1300\" height=\"870\" src=\"https:\/\/wgphoto.pl\/t\/wp-content\/uploads\/2024\/10\/IMGP5606.jpg\" alt=\"\" class=\"wp-image-3654\" srcset=\"https:\/\/wgphoto.pl\/t\/wp-content\/uploads\/2024\/10\/IMGP5606.jpg 1300w, https:\/\/wgphoto.pl\/t\/wp-content\/uploads\/2024\/10\/IMGP5606-300x201.jpg 300w, https:\/\/wgphoto.pl\/t\/wp-content\/uploads\/2024\/10\/IMGP5606-768x514.jpg 768w\" sizes=\"auto, (max-width: 1300px) 100vw, 1300px\" \/><\/figure>\n\n\n\n<div class=\"wp-block-group has-global-padding is-layout-constrained wp-block-group-is-layout-constrained\">\n<p>Odessa, p\u0119tla Chersonskij skwer &#8211; miejski kraniec &#8222;bagiennej&#8221; dwudziestki. Ze wzgl\u0119du na mocno ograniczony czas w Odessie po\u0142owa wycieczki pojecha\u0142a na bagna, a druga po\u0142owa, w kt\u00f3rej sk\u0142ad wszed\u0142em, pojecha\u0142a w inny rejon, zadowoliwszy si\u0119 zdj\u0119ciem zm\u0119czonego \u017cyciem tramwaju z r\u00f3\u017cami zamiast trzcin. 06.08.2010<\/p>\n<\/div>\n","protected":false},"excerpt":{"rendered":"<p>Odessa, p\u0119tla Chersonskij skwer &#8211; miejski kraniec &#8222;bagiennej&#8221; dwudziestki. Ze wzgl\u0119du na mocno ograniczony czas w Odessie po\u0142owa wycieczki pojecha\u0142a na bagna, a druga po\u0142owa, w kt\u00f3rej sk\u0142ad wszed\u0142em, pojecha\u0142a w inny rejon, zadowoliwszy si\u0119 zdj\u0119ciem zm\u0119czonego \u017cyciem tramwaju z r\u00f3\u017cami zamiast trzcin. 06.08.2010<\/p>\n","protected":false},"author":1,"featured_media":3654,"comment_status":"open","ping_status":"","sticky":false,"template":"","format":"standard","meta":{"footnotes":""},"categories":[86,3],"tags":[1632,1633,1113,1011,453],"class_list":["post-3653","post","type-post","status-publish","format-standard","has-post-thumbnail","hentry","category-rok-2010","category-tramwaj","tag-2010-08-06","tag-odessa","tag-roslinnosc","tag-tatra-t3","tag-ukraina"],"_links":{"self":[{"href":"https:\/\/wgphoto.pl\/t\/index.php?rest_route=\/wp\/v2\/posts\/3653","targetHints":{"allow":["GET"]}}],"collection":[{"href":"https:\/\/wgphoto.pl\/t\/index.php?rest_route=\/wp\/v2\/posts"}],"about":[{"href":"https:\/\/wgphoto.pl\/t\/index.php?rest_route=\/wp\/v2\/types\/post"}],"author":[{"embeddable":true,"href":"https:\/\/wgphoto.pl\/t\/index.php?rest_route=\/wp\/v2\/users\/1"}],"replies":[{"embeddable":true,"href":"https:\/\/wgphoto.pl\/t\/index.php?rest_route=%2Fwp%2Fv2%2Fcomments&post=3653"}],"version-history":[{"count":1,"href":"https:\/\/wgphoto.pl\/t\/index.php?rest_route=\/wp\/v2\/posts\/3653\/revisions"}],"predecessor-version":[{"id":3655,"href":"https:\/\/wgphoto.pl\/t\/index.php?rest_route=\/wp\/v2\/posts\/3653\/revisions\/3655"}],"wp:featuredmedia":[{"embeddable":true,"href":"https:\/\/wgphoto.pl\/t\/index.php?rest_route=\/wp\/v2\/media\/3654"}],"wp:attachment":[{"href":"https:\/\/wgphoto.pl\/t\/index.php?rest_route=%2Fwp%2Fv2%2Fmedia&parent=3653"}],"wp:term":[{"taxonomy":"category","embeddable":true,"href":"https:\/\/wgphoto.pl\/t\/index.php?rest_route=%2Fwp%2Fv2%2Fcategories&post=3653"},{"taxonomy":"post_tag","embeddable":true,"href":"https:\/\/wgphoto.pl\/t\/index.php?rest_route=%2Fwp%2Fv2%2Ftags&post=3653"}],"curies":[{"name":"wp","href":"https:\/\/api.w.org\/{rel}","templated":true}]}}