{"id":3747,"date":"2024-10-24T18:25:54","date_gmt":"2024-10-24T16:25:54","guid":{"rendered":"https:\/\/wgphoto.pl\/t\/?p=3747"},"modified":"2024-10-24T18:25:54","modified_gmt":"2024-10-24T16:25:54","slug":"crotram-s-katedralom","status":"publish","type":"post","link":"https:\/\/wgphoto.pl\/t\/?p=3747","title":{"rendered":"Crotram s katedralom"},"content":{"rendered":"\n<figure class=\"wp-block-image aligncenter size-full\"><img loading=\"lazy\" decoding=\"async\" width=\"1300\" height=\"861\" src=\"https:\/\/wgphoto.pl\/t\/wp-content\/uploads\/2024\/10\/IMGP1668.jpg\" alt=\"\" class=\"wp-image-3748\" srcset=\"https:\/\/wgphoto.pl\/t\/wp-content\/uploads\/2024\/10\/IMGP1668.jpg 1300w, https:\/\/wgphoto.pl\/t\/wp-content\/uploads\/2024\/10\/IMGP1668-300x199.jpg 300w, https:\/\/wgphoto.pl\/t\/wp-content\/uploads\/2024\/10\/IMGP1668-768x509.jpg 768w\" sizes=\"auto, (max-width: 1300px) 100vw, 1300px\" \/><\/figure>\n\n\n\n<div class=\"wp-block-group has-global-padding is-layout-constrained wp-block-group-is-layout-constrained\">\n<p>Zagrzeb, ul. Franje Ra\u010dkog. Jednym z symboli miasta jest rzymskokatolicka katedra pw. Wniebowzi\u0119cia NMP, wybijaj\u0105ca si\u0119 spo\u015br\u00f3d zabudowy swoimi ponad stumetrowymi wie\u017cami. To jedyne miejsce, kt\u00f3re uda\u0142o mi si\u0119 znale\u017a\u0107, gdzie mo\u017cna sfotografowa\u0107 tramwaj ze wspomnian\u0105 \u015bwi\u0105tyni\u0105. Podczas dzisiejszego trz\u0119sienia ziemi w Zagrzebiu run\u0105\u0142 szczyt lewej wie\u017cy, b\u0119d\u0105cej wci\u0105\u017c w trakcie renowacji. 17.08.2015<\/p>\n<\/div>\n","protected":false},"excerpt":{"rendered":"<p>Zagrzeb, ul. Franje Ra\u010dkog. Jednym z symboli miasta jest rzymskokatolicka katedra pw. Wniebowzi\u0119cia NMP, wybijaj\u0105ca si\u0119 spo\u015br\u00f3d zabudowy swoimi ponad stumetrowymi wie\u017cami. To jedyne miejsce, kt\u00f3re uda\u0142o mi si\u0119 znale\u017a\u0107, gdzie mo\u017cna sfotografowa\u0107 tramwaj ze wspomnian\u0105 \u015bwi\u0105tyni\u0105. Podczas dzisiejszego trz\u0119sienia ziemi w Zagrzebiu run\u0105\u0142 szczyt lewej wie\u017cy, b\u0119d\u0105cej wci\u0105\u017c w trakcie renowacji. 17.08.2015<\/p>\n","protected":false},"author":1,"featured_media":3748,"comment_status":"open","ping_status":"","sticky":false,"template":"","format":"standard","meta":{"footnotes":""},"categories":[104,3],"tags":[479,459,476,107,477,478],"class_list":["post-3747","post","type-post","status-publish","format-standard","has-post-thumbnail","hentry","category-rok-2015","category-tramwaj","tag-2015-08-17","tag-chorwacja","tag-crotram","tag-wakacje-2015","tag-zagrzeb","tag-zet-zagreb"],"_links":{"self":[{"href":"https:\/\/wgphoto.pl\/t\/index.php?rest_route=\/wp\/v2\/posts\/3747","targetHints":{"allow":["GET"]}}],"collection":[{"href":"https:\/\/wgphoto.pl\/t\/index.php?rest_route=\/wp\/v2\/posts"}],"about":[{"href":"https:\/\/wgphoto.pl\/t\/index.php?rest_route=\/wp\/v2\/types\/post"}],"author":[{"embeddable":true,"href":"https:\/\/wgphoto.pl\/t\/index.php?rest_route=\/wp\/v2\/users\/1"}],"replies":[{"embeddable":true,"href":"https:\/\/wgphoto.pl\/t\/index.php?rest_route=%2Fwp%2Fv2%2Fcomments&post=3747"}],"version-history":[{"count":1,"href":"https:\/\/wgphoto.pl\/t\/index.php?rest_route=\/wp\/v2\/posts\/3747\/revisions"}],"predecessor-version":[{"id":3749,"href":"https:\/\/wgphoto.pl\/t\/index.php?rest_route=\/wp\/v2\/posts\/3747\/revisions\/3749"}],"wp:featuredmedia":[{"embeddable":true,"href":"https:\/\/wgphoto.pl\/t\/index.php?rest_route=\/wp\/v2\/media\/3748"}],"wp:attachment":[{"href":"https:\/\/wgphoto.pl\/t\/index.php?rest_route=%2Fwp%2Fv2%2Fmedia&parent=3747"}],"wp:term":[{"taxonomy":"category","embeddable":true,"href":"https:\/\/wgphoto.pl\/t\/index.php?rest_route=%2Fwp%2Fv2%2Fcategories&post=3747"},{"taxonomy":"post_tag","embeddable":true,"href":"https:\/\/wgphoto.pl\/t\/index.php?rest_route=%2Fwp%2Fv2%2Ftags&post=3747"}],"curies":[{"name":"wp","href":"https:\/\/api.w.org\/{rel}","templated":true}]}}