{"id":3787,"date":"2024-10-24T18:43:09","date_gmt":"2024-10-24T16:43:09","guid":{"rendered":"https:\/\/wgphoto.pl\/t\/?p=3787"},"modified":"2024-10-24T18:43:09","modified_gmt":"2024-10-24T16:43:09","slug":"sp32-099-oldrzychowice-klodzkie","status":"publish","type":"post","link":"https:\/\/wgphoto.pl\/t\/?p=3787","title":{"rendered":"SP32-099, O\u0142drzychowice K\u0142odzkie"},"content":{"rendered":"\n<figure class=\"wp-block-image aligncenter size-full\"><img loading=\"lazy\" decoding=\"async\" width=\"1300\" height=\"867\" src=\"https:\/\/wgphoto.pl\/t\/wp-content\/uploads\/2024\/10\/0305-30.jpg\" alt=\"\" class=\"wp-image-3788\" srcset=\"https:\/\/wgphoto.pl\/t\/wp-content\/uploads\/2024\/10\/0305-30.jpg 1300w, https:\/\/wgphoto.pl\/t\/wp-content\/uploads\/2024\/10\/0305-30-300x200.jpg 300w, https:\/\/wgphoto.pl\/t\/wp-content\/uploads\/2024\/10\/0305-30-768x512.jpg 768w\" sizes=\"auto, (max-width: 1300px) 100vw, 1300px\" \/><\/figure>\n\n\n\n<div class=\"wp-block-group has-global-padding is-layout-constrained wp-block-group-is-layout-constrained\">\n<p>Poci\u0105g osobowo-pospieszny 66130 ze Stronia \u015al\u0105skiego do Krakowa (wagony bezpo\u015brednie w\u0142\u0105czane w Kamie\u0144cu Z\u0105bk. do pospiesznego Jelenia G\u00f3ra &#8211; Krak\u00f3w) zatrzymuje si\u0119 na p.o. O\u0142drzychowice K\u0142odzkie. Do planowanej w\u00f3wczas w ca\u0142ej Polsce rzezi po\u0142\u0105cze\u0144 regionalnych na szcz\u0119\u015bcie nie dosz\u0142o, jednak niewiele to pomog\u0142o stro\u0144skiej linii. 01.03.2003<\/p>\n<\/div>\n","protected":false},"excerpt":{"rendered":"<p>Poci\u0105g osobowo-pospieszny 66130 ze Stronia \u015al\u0105skiego do Krakowa (wagony bezpo\u015brednie w\u0142\u0105czane w Kamie\u0144cu Z\u0105bk. do pospiesznego Jelenia G\u00f3ra &#8211; Krak\u00f3w) zatrzymuje si\u0119 na p.o. O\u0142drzychowice K\u0142odzkie. Do planowanej w\u00f3wczas w ca\u0142ej Polsce rzezi po\u0142\u0105cze\u0144 regionalnych na szcz\u0119\u015bcie nie dosz\u0142o, jednak niewiele to pomog\u0142o stro\u0144skiej linii. 01.03.2003<\/p>\n","protected":false},"author":1,"featured_media":3788,"comment_status":"open","ping_status":"","sticky":false,"template":"","format":"standard","meta":{"footnotes":""},"categories":[62,2,149],"tags":[1664,151,1665,63,27,385,383],"class_list":["post-3787","post","type-post","status-publish","format-standard","has-post-thumbnail","hentry","category-analog","category-kolej","category-rok-2003","tag-2003-03-01","tag-ludzie","tag-oldrzychowice-klodzkie","tag-pkp","tag-polska","tag-sp32","tag-tab-pl230"],"_links":{"self":[{"href":"https:\/\/wgphoto.pl\/t\/index.php?rest_route=\/wp\/v2\/posts\/3787","targetHints":{"allow":["GET"]}}],"collection":[{"href":"https:\/\/wgphoto.pl\/t\/index.php?rest_route=\/wp\/v2\/posts"}],"about":[{"href":"https:\/\/wgphoto.pl\/t\/index.php?rest_route=\/wp\/v2\/types\/post"}],"author":[{"embeddable":true,"href":"https:\/\/wgphoto.pl\/t\/index.php?rest_route=\/wp\/v2\/users\/1"}],"replies":[{"embeddable":true,"href":"https:\/\/wgphoto.pl\/t\/index.php?rest_route=%2Fwp%2Fv2%2Fcomments&post=3787"}],"version-history":[{"count":1,"href":"https:\/\/wgphoto.pl\/t\/index.php?rest_route=\/wp\/v2\/posts\/3787\/revisions"}],"predecessor-version":[{"id":3789,"href":"https:\/\/wgphoto.pl\/t\/index.php?rest_route=\/wp\/v2\/posts\/3787\/revisions\/3789"}],"wp:featuredmedia":[{"embeddable":true,"href":"https:\/\/wgphoto.pl\/t\/index.php?rest_route=\/wp\/v2\/media\/3788"}],"wp:attachment":[{"href":"https:\/\/wgphoto.pl\/t\/index.php?rest_route=%2Fwp%2Fv2%2Fmedia&parent=3787"}],"wp:term":[{"taxonomy":"category","embeddable":true,"href":"https:\/\/wgphoto.pl\/t\/index.php?rest_route=%2Fwp%2Fv2%2Fcategories&post=3787"},{"taxonomy":"post_tag","embeddable":true,"href":"https:\/\/wgphoto.pl\/t\/index.php?rest_route=%2Fwp%2Fv2%2Ftags&post=3787"}],"curies":[{"name":"wp","href":"https:\/\/api.w.org\/{rel}","templated":true}]}}