{"id":3804,"date":"2024-10-24T18:49:58","date_gmt":"2024-10-24T16:49:58","guid":{"rendered":"https:\/\/wgphoto.pl\/t\/?p=3804"},"modified":"2024-10-24T18:49:58","modified_gmt":"2024-10-24T16:49:58","slug":"kolumna-konstantyna","status":"publish","type":"post","link":"https:\/\/wgphoto.pl\/t\/?p=3804","title":{"rendered":"Kolumna Konstantyna"},"content":{"rendered":"\n<figure class=\"wp-block-image aligncenter size-full\"><img loading=\"lazy\" decoding=\"async\" width=\"700\" height=\"1057\" src=\"https:\/\/wgphoto.pl\/t\/wp-content\/uploads\/2024\/10\/IMGP7085.jpg\" alt=\"\" class=\"wp-image-3805\" srcset=\"https:\/\/wgphoto.pl\/t\/wp-content\/uploads\/2024\/10\/IMGP7085.jpg 700w, https:\/\/wgphoto.pl\/t\/wp-content\/uploads\/2024\/10\/IMGP7085-199x300.jpg 199w\" sizes=\"auto, (max-width: 700px) 100vw, 700px\" \/><\/figure>\n\n\n\n<div class=\"wp-block-group has-global-padding is-layout-constrained wp-block-group-is-layout-constrained\">\n<p>Stambu\u0142, Yeni\u00e7eriler Caddesi, przystanek \u00c7emberlita\u015f. Sk\u0142ad Bombardier\u00f3w zatrzyma\u0142 si\u0119 na przystanku pod Kolumn\u0105 Konstantyna, zbudowan\u0105 przez rzymskiego cesarza w 330 r.n.e. Pierwotnie na szczycie znajdowa\u0142 si\u0119 pos\u0105g Apolla, natomiast stalowe pier\u015bcienie za\u0142o\u017cono wsp\u00f3\u0142cze\u015bnie aby zapobiec ewentualnemu zawaleniu si\u0119 wiekowej budowli, do\u015bwiadczonej trz\u0119sieniami ziemi i po\u017carami. 05.10.2016<\/p>\n<\/div>\n","protected":false},"excerpt":{"rendered":"<p>Stambu\u0142, Yeni\u00e7eriler Caddesi, przystanek \u00c7emberlita\u015f. Sk\u0142ad Bombardier\u00f3w zatrzyma\u0142 si\u0119 na przystanku pod Kolumn\u0105 Konstantyna, zbudowan\u0105 przez rzymskiego cesarza w 330 r.n.e. Pierwotnie na szczycie znajdowa\u0142 si\u0119 pos\u0105g Apolla, natomiast stalowe pier\u015bcienie za\u0142o\u017cono wsp\u00f3\u0142cze\u015bnie aby zapobiec ewentualnemu zawaleniu si\u0119 wiekowej budowli, do\u015bwiadczonej trz\u0119sieniami ziemi i po\u017carami. 05.10.2016<\/p>\n","protected":false},"author":1,"featured_media":3805,"comment_status":"open","ping_status":"","sticky":false,"template":"","format":"standard","meta":{"footnotes":""},"categories":[128,125,3],"tags":[1671,34,683,32,143,1670,927,931],"class_list":["post-3804","post","type-post","status-publish","format-standard","has-post-thumbnail","hentry","category-pionowe","category-rok-2016","category-tramwaj","tag-2016-10-05","tag-architektura","tag-bombardier-flexity-swift","tag-pionowe","tag-ponad-30m","tag-stambul","tag-turcja","tag-turcja-2016"],"_links":{"self":[{"href":"https:\/\/wgphoto.pl\/t\/index.php?rest_route=\/wp\/v2\/posts\/3804","targetHints":{"allow":["GET"]}}],"collection":[{"href":"https:\/\/wgphoto.pl\/t\/index.php?rest_route=\/wp\/v2\/posts"}],"about":[{"href":"https:\/\/wgphoto.pl\/t\/index.php?rest_route=\/wp\/v2\/types\/post"}],"author":[{"embeddable":true,"href":"https:\/\/wgphoto.pl\/t\/index.php?rest_route=\/wp\/v2\/users\/1"}],"replies":[{"embeddable":true,"href":"https:\/\/wgphoto.pl\/t\/index.php?rest_route=%2Fwp%2Fv2%2Fcomments&post=3804"}],"version-history":[{"count":1,"href":"https:\/\/wgphoto.pl\/t\/index.php?rest_route=\/wp\/v2\/posts\/3804\/revisions"}],"predecessor-version":[{"id":3806,"href":"https:\/\/wgphoto.pl\/t\/index.php?rest_route=\/wp\/v2\/posts\/3804\/revisions\/3806"}],"wp:featuredmedia":[{"embeddable":true,"href":"https:\/\/wgphoto.pl\/t\/index.php?rest_route=\/wp\/v2\/media\/3805"}],"wp:attachment":[{"href":"https:\/\/wgphoto.pl\/t\/index.php?rest_route=%2Fwp%2Fv2%2Fmedia&parent=3804"}],"wp:term":[{"taxonomy":"category","embeddable":true,"href":"https:\/\/wgphoto.pl\/t\/index.php?rest_route=%2Fwp%2Fv2%2Fcategories&post=3804"},{"taxonomy":"post_tag","embeddable":true,"href":"https:\/\/wgphoto.pl\/t\/index.php?rest_route=%2Fwp%2Fv2%2Ftags&post=3804"}],"curies":[{"name":"wp","href":"https:\/\/api.w.org\/{rel}","templated":true}]}}