{"id":3813,"date":"2024-10-24T18:53:22","date_gmt":"2024-10-24T16:53:22","guid":{"rendered":"https:\/\/wgphoto.pl\/t\/?p=3813"},"modified":"2024-10-24T18:53:22","modified_gmt":"2024-10-24T16:53:22","slug":"krzyzowanie-we-wleniu","status":"publish","type":"post","link":"https:\/\/wgphoto.pl\/t\/?p=3813","title":{"rendered":"Krzy\u017cowanie we Wleniu"},"content":{"rendered":"\n<figure class=\"wp-block-image aligncenter size-full\"><img loading=\"lazy\" decoding=\"async\" width=\"1300\" height=\"867\" src=\"https:\/\/wgphoto.pl\/t\/wp-content\/uploads\/2024\/10\/0530-17.jpg\" alt=\"\" class=\"wp-image-3814\" srcset=\"https:\/\/wgphoto.pl\/t\/wp-content\/uploads\/2024\/10\/0530-17.jpg 1300w, https:\/\/wgphoto.pl\/t\/wp-content\/uploads\/2024\/10\/0530-17-300x200.jpg 300w, https:\/\/wgphoto.pl\/t\/wp-content\/uploads\/2024\/10\/0530-17-768x512.jpg 768w\" sizes=\"auto, (max-width: 1300px) 100vw, 1300px\" \/><\/figure>\n\n\n\n<div class=\"wp-block-group has-global-padding is-layout-constrained wp-block-group-is-layout-constrained\">\n<p>SM42-1108 z poci\u0105giem zdawczym z Jeleniej G\u00f3ry do Lw\u00f3wka \u015al\u0105skiego przeje\u017cd\u017ca na biegu przez Wle\u0144. Po prawej na woln\u0105 drog\u0119 czeka SU46-026 z kamieniem z Rakowic przez Niwnice. 18.10.2005<\/p>\n<\/div>\n","protected":false},"excerpt":{"rendered":"<p>SM42-1108 z poci\u0105giem zdawczym z Jeleniej G\u00f3ry do Lw\u00f3wka \u015al\u0105skiego przeje\u017cd\u017ca na biegu przez Wle\u0144. Po prawej na woln\u0105 drog\u0119 czeka SU46-026 z kamieniem z Rakowic przez Niwnice. 18.10.2005<\/p>\n","protected":false},"author":1,"featured_media":3814,"comment_status":"open","ping_status":"","sticky":false,"template":"","format":"standard","meta":{"footnotes":""},"categories":[62,2,311],"tags":[364,126,389,63,27,473,84,363,1393],"class_list":["post-3813","post","type-post","status-publish","format-standard","has-post-thumbnail","hentry","category-analog","category-kolej","category-rok-2005","tag-2005-10-18","tag-jesien","tag-mijanka","tag-pkp","tag-polska","tag-sm42","tag-su46","tag-tab-pl250","tag-wlen"],"_links":{"self":[{"href":"https:\/\/wgphoto.pl\/t\/index.php?rest_route=\/wp\/v2\/posts\/3813","targetHints":{"allow":["GET"]}}],"collection":[{"href":"https:\/\/wgphoto.pl\/t\/index.php?rest_route=\/wp\/v2\/posts"}],"about":[{"href":"https:\/\/wgphoto.pl\/t\/index.php?rest_route=\/wp\/v2\/types\/post"}],"author":[{"embeddable":true,"href":"https:\/\/wgphoto.pl\/t\/index.php?rest_route=\/wp\/v2\/users\/1"}],"replies":[{"embeddable":true,"href":"https:\/\/wgphoto.pl\/t\/index.php?rest_route=%2Fwp%2Fv2%2Fcomments&post=3813"}],"version-history":[{"count":1,"href":"https:\/\/wgphoto.pl\/t\/index.php?rest_route=\/wp\/v2\/posts\/3813\/revisions"}],"predecessor-version":[{"id":3815,"href":"https:\/\/wgphoto.pl\/t\/index.php?rest_route=\/wp\/v2\/posts\/3813\/revisions\/3815"}],"wp:featuredmedia":[{"embeddable":true,"href":"https:\/\/wgphoto.pl\/t\/index.php?rest_route=\/wp\/v2\/media\/3814"}],"wp:attachment":[{"href":"https:\/\/wgphoto.pl\/t\/index.php?rest_route=%2Fwp%2Fv2%2Fmedia&parent=3813"}],"wp:term":[{"taxonomy":"category","embeddable":true,"href":"https:\/\/wgphoto.pl\/t\/index.php?rest_route=%2Fwp%2Fv2%2Fcategories&post=3813"},{"taxonomy":"post_tag","embeddable":true,"href":"https:\/\/wgphoto.pl\/t\/index.php?rest_route=%2Fwp%2Fv2%2Ftags&post=3813"}],"curies":[{"name":"wp","href":"https:\/\/api.w.org\/{rel}","templated":true}]}}