{"id":3819,"date":"2024-10-24T18:55:14","date_gmt":"2024-10-24T16:55:14","guid":{"rendered":"https:\/\/wgphoto.pl\/t\/?p=3819"},"modified":"2024-10-24T18:55:14","modified_gmt":"2024-10-24T16:55:14","slug":"wielka-synagoga","status":"publish","type":"post","link":"https:\/\/wgphoto.pl\/t\/?p=3819","title":{"rendered":"Wielka Synagoga"},"content":{"rendered":"\n<figure class=\"wp-block-image aligncenter size-full\"><img loading=\"lazy\" decoding=\"async\" width=\"750\" height=\"1000\" src=\"https:\/\/wgphoto.pl\/t\/wp-content\/uploads\/2024\/10\/0813-31.jpg\" alt=\"\" class=\"wp-image-3820\" srcset=\"https:\/\/wgphoto.pl\/t\/wp-content\/uploads\/2024\/10\/0813-31.jpg 750w, https:\/\/wgphoto.pl\/t\/wp-content\/uploads\/2024\/10\/0813-31-225x300.jpg 225w\" sizes=\"auto, (max-width: 750px) 100vw, 750px\" \/><\/figure>\n\n\n\n<div class=\"wp-block-group has-global-padding is-layout-constrained wp-block-group-is-layout-constrained\">\n<p>Pilzno, Klatovsk\u00e1 t\u0159\u00edda. Zestaw T3M.05 219+220 min\u0105\u0142 Wielk\u0105 Synagog\u0119 &#8211; najwi\u0119ksz\u0105 w Czechach i czwart\u0105 co do wielko\u015bci na \u015bwiecie. 11.09.2008<\/p>\n<\/div>\n","protected":false},"excerpt":{"rendered":"<p>Pilzno, Klatovsk\u00e1 t\u0159\u00edda. Zestaw T3M.05 219+220 min\u0105\u0142 Wielk\u0105 Synagog\u0119 &#8211; najwi\u0119ksz\u0105 w Czechach i czwart\u0105 co do wielko\u015bci na \u015bwiecie. 11.09.2008<\/p>\n","protected":false},"author":1,"featured_media":3820,"comment_status":"open","ping_status":"","sticky":false,"template":"","format":"standard","meta":{"footnotes":""},"categories":[62,128,120,3],"tags":[715,34,49,1674,1675,1011],"class_list":["post-3819","post","type-post","status-publish","format-standard","has-post-thumbnail","hentry","category-analog","category-pionowe","category-rok-2008","category-tramwaj","tag-2008-09-11","tag-architektura","tag-czechy","tag-dp-plzen","tag-pilzno","tag-tatra-t3"],"_links":{"self":[{"href":"https:\/\/wgphoto.pl\/t\/index.php?rest_route=\/wp\/v2\/posts\/3819","targetHints":{"allow":["GET"]}}],"collection":[{"href":"https:\/\/wgphoto.pl\/t\/index.php?rest_route=\/wp\/v2\/posts"}],"about":[{"href":"https:\/\/wgphoto.pl\/t\/index.php?rest_route=\/wp\/v2\/types\/post"}],"author":[{"embeddable":true,"href":"https:\/\/wgphoto.pl\/t\/index.php?rest_route=\/wp\/v2\/users\/1"}],"replies":[{"embeddable":true,"href":"https:\/\/wgphoto.pl\/t\/index.php?rest_route=%2Fwp%2Fv2%2Fcomments&post=3819"}],"version-history":[{"count":1,"href":"https:\/\/wgphoto.pl\/t\/index.php?rest_route=\/wp\/v2\/posts\/3819\/revisions"}],"predecessor-version":[{"id":3821,"href":"https:\/\/wgphoto.pl\/t\/index.php?rest_route=\/wp\/v2\/posts\/3819\/revisions\/3821"}],"wp:featuredmedia":[{"embeddable":true,"href":"https:\/\/wgphoto.pl\/t\/index.php?rest_route=\/wp\/v2\/media\/3820"}],"wp:attachment":[{"href":"https:\/\/wgphoto.pl\/t\/index.php?rest_route=%2Fwp%2Fv2%2Fmedia&parent=3819"}],"wp:term":[{"taxonomy":"category","embeddable":true,"href":"https:\/\/wgphoto.pl\/t\/index.php?rest_route=%2Fwp%2Fv2%2Fcategories&post=3819"},{"taxonomy":"post_tag","embeddable":true,"href":"https:\/\/wgphoto.pl\/t\/index.php?rest_route=%2Fwp%2Fv2%2Ftags&post=3819"}],"curies":[{"name":"wp","href":"https:\/\/api.w.org\/{rel}","templated":true}]}}