{"id":3828,"date":"2024-10-24T18:58:07","date_gmt":"2024-10-24T16:58:07","guid":{"rendered":"https:\/\/wgphoto.pl\/t\/?p=3828"},"modified":"2024-10-24T18:58:07","modified_gmt":"2024-10-24T16:58:07","slug":"tego-przystanku-nie-obslugujemy","status":"publish","type":"post","link":"https:\/\/wgphoto.pl\/t\/?p=3828","title":{"rendered":"Tego przystanku nie obs\u0142ugujemy"},"content":{"rendered":"\n<figure class=\"wp-block-image aligncenter size-full\"><img loading=\"lazy\" decoding=\"async\" width=\"1300\" height=\"867\" src=\"https:\/\/wgphoto.pl\/t\/wp-content\/uploads\/2024\/10\/0812-08.jpg\" alt=\"\" class=\"wp-image-3829\" srcset=\"https:\/\/wgphoto.pl\/t\/wp-content\/uploads\/2024\/10\/0812-08.jpg 1300w, https:\/\/wgphoto.pl\/t\/wp-content\/uploads\/2024\/10\/0812-08-300x200.jpg 300w, https:\/\/wgphoto.pl\/t\/wp-content\/uploads\/2024\/10\/0812-08-768x512.jpg 768w\" sizes=\"auto, (max-width: 1300px) 100vw, 1300px\" \/><\/figure>\n\n\n\n<div class=\"wp-block-group has-global-padding is-layout-constrained wp-block-group-is-layout-constrained\">\n<p>D\u0105browa G\u00f3rnicza, ul. Jana III Sobieskiego. 105Na 625, ten sam co na s\u0105siednim zdj\u0119ciu, z\u0142apany w drodze do Sosnowca na remontowanym odcinku w centrum D\u0105browy G\u00f3rniczej. 26.08.2008<\/p>\n<\/div>\n","protected":false},"excerpt":{"rendered":"<p>D\u0105browa G\u00f3rnicza, ul. Jana III Sobieskiego. 105Na 625, ten sam co na s\u0105siednim zdj\u0119ciu, z\u0142apany w drodze do Sosnowca na remontowanym odcinku w centrum D\u0105browy G\u00f3rniczej. 26.08.2008<\/p>\n","protected":false},"author":1,"featured_media":3829,"comment_status":"open","ping_status":"","sticky":false,"template":"","format":"standard","meta":{"footnotes":""},"categories":[62,120,3],"tags":[155,280,745,1676,230,27,279],"class_list":["post-3828","post","type-post","status-publish","format-standard","has-post-thumbnail","hentry","category-analog","category-rok-2008","category-tramwaj","tag-105na","tag-2008-08-26","tag-budowa","tag-dabrowa-gornicza","tag-infrastruktura","tag-polska","tag-tramwaje-slaskie"],"_links":{"self":[{"href":"https:\/\/wgphoto.pl\/t\/index.php?rest_route=\/wp\/v2\/posts\/3828","targetHints":{"allow":["GET"]}}],"collection":[{"href":"https:\/\/wgphoto.pl\/t\/index.php?rest_route=\/wp\/v2\/posts"}],"about":[{"href":"https:\/\/wgphoto.pl\/t\/index.php?rest_route=\/wp\/v2\/types\/post"}],"author":[{"embeddable":true,"href":"https:\/\/wgphoto.pl\/t\/index.php?rest_route=\/wp\/v2\/users\/1"}],"replies":[{"embeddable":true,"href":"https:\/\/wgphoto.pl\/t\/index.php?rest_route=%2Fwp%2Fv2%2Fcomments&post=3828"}],"version-history":[{"count":1,"href":"https:\/\/wgphoto.pl\/t\/index.php?rest_route=\/wp\/v2\/posts\/3828\/revisions"}],"predecessor-version":[{"id":3830,"href":"https:\/\/wgphoto.pl\/t\/index.php?rest_route=\/wp\/v2\/posts\/3828\/revisions\/3830"}],"wp:featuredmedia":[{"embeddable":true,"href":"https:\/\/wgphoto.pl\/t\/index.php?rest_route=\/wp\/v2\/media\/3829"}],"wp:attachment":[{"href":"https:\/\/wgphoto.pl\/t\/index.php?rest_route=%2Fwp%2Fv2%2Fmedia&parent=3828"}],"wp:term":[{"taxonomy":"category","embeddable":true,"href":"https:\/\/wgphoto.pl\/t\/index.php?rest_route=%2Fwp%2Fv2%2Fcategories&post=3828"},{"taxonomy":"post_tag","embeddable":true,"href":"https:\/\/wgphoto.pl\/t\/index.php?rest_route=%2Fwp%2Fv2%2Ftags&post=3828"}],"curies":[{"name":"wp","href":"https:\/\/api.w.org\/{rel}","templated":true}]}}