{"id":3846,"date":"2024-10-24T19:04:15","date_gmt":"2024-10-24T17:04:15","guid":{"rendered":"https:\/\/wgphoto.pl\/t\/?p=3846"},"modified":"2024-10-24T19:04:34","modified_gmt":"2024-10-24T17:04:34","slug":"lato-w-pelni","status":"publish","type":"post","link":"https:\/\/wgphoto.pl\/t\/?p=3846","title":{"rendered":"Lato w pe\u0142ni"},"content":{"rendered":"\n<figure class=\"wp-block-image aligncenter size-full\"><img loading=\"lazy\" decoding=\"async\" width=\"1300\" height=\"867\" src=\"https:\/\/wgphoto.pl\/t\/wp-content\/uploads\/2024\/10\/0808-01.jpg\" alt=\"\" class=\"wp-image-3847\" srcset=\"https:\/\/wgphoto.pl\/t\/wp-content\/uploads\/2024\/10\/0808-01.jpg 1300w, https:\/\/wgphoto.pl\/t\/wp-content\/uploads\/2024\/10\/0808-01-300x200.jpg 300w, https:\/\/wgphoto.pl\/t\/wp-content\/uploads\/2024\/10\/0808-01-768x512.jpg 768w\" sizes=\"auto, (max-width: 1300px) 100vw, 1300px\" \/><\/figure>\n\n\n\n<div class=\"wp-block-group has-global-padding is-layout-constrained wp-block-group-is-layout-constrained\">\n<p>EP07-1004 ze &#8222;\u015al\u0105zakiem&#8221; z Przemy\u015bla do Zgorzelca i Zielonej G\u00f3ry wczesnym wieczorem (pewnie ok. godz. 20) mija \u015awi\u0119t\u0105 Katarzyn\u0119. 01.07.2008<\/p>\n<\/div>\n","protected":false},"excerpt":{"rendered":"<p>EP07-1004 ze &#8222;\u015al\u0105zakiem&#8221; z Przemy\u015bla do Zgorzelca i Zielonej G\u00f3ry wczesnym wieczorem (pewnie ok. godz. 20) mija \u015awi\u0119t\u0105 Katarzyn\u0119. 01.07.2008<\/p>\n","protected":false},"author":1,"featured_media":3847,"comment_status":"open","ping_status":"","sticky":false,"template":"","format":"standard","meta":{"footnotes":""},"categories":[62,2,120],"tags":[1680,283,124,63,27,1681,711],"class_list":["post-3846","post","type-post","status-publish","format-standard","has-post-thumbnail","hentry","category-analog","category-kolej","category-rok-2008","tag-2008-07-01","tag-bdhpmnu","tag-ep07","tag-pkp","tag-polska","tag-swieta-katarzyna","tag-tab-pl220"],"_links":{"self":[{"href":"https:\/\/wgphoto.pl\/t\/index.php?rest_route=\/wp\/v2\/posts\/3846","targetHints":{"allow":["GET"]}}],"collection":[{"href":"https:\/\/wgphoto.pl\/t\/index.php?rest_route=\/wp\/v2\/posts"}],"about":[{"href":"https:\/\/wgphoto.pl\/t\/index.php?rest_route=\/wp\/v2\/types\/post"}],"author":[{"embeddable":true,"href":"https:\/\/wgphoto.pl\/t\/index.php?rest_route=\/wp\/v2\/users\/1"}],"replies":[{"embeddable":true,"href":"https:\/\/wgphoto.pl\/t\/index.php?rest_route=%2Fwp%2Fv2%2Fcomments&post=3846"}],"version-history":[{"count":1,"href":"https:\/\/wgphoto.pl\/t\/index.php?rest_route=\/wp\/v2\/posts\/3846\/revisions"}],"predecessor-version":[{"id":3848,"href":"https:\/\/wgphoto.pl\/t\/index.php?rest_route=\/wp\/v2\/posts\/3846\/revisions\/3848"}],"wp:featuredmedia":[{"embeddable":true,"href":"https:\/\/wgphoto.pl\/t\/index.php?rest_route=\/wp\/v2\/media\/3847"}],"wp:attachment":[{"href":"https:\/\/wgphoto.pl\/t\/index.php?rest_route=%2Fwp%2Fv2%2Fmedia&parent=3846"}],"wp:term":[{"taxonomy":"category","embeddable":true,"href":"https:\/\/wgphoto.pl\/t\/index.php?rest_route=%2Fwp%2Fv2%2Fcategories&post=3846"},{"taxonomy":"post_tag","embeddable":true,"href":"https:\/\/wgphoto.pl\/t\/index.php?rest_route=%2Fwp%2Fv2%2Ftags&post=3846"}],"curies":[{"name":"wp","href":"https:\/\/api.w.org\/{rel}","templated":true}]}}