{"id":3849,"date":"2024-10-24T19:07:11","date_gmt":"2024-10-24T17:07:11","guid":{"rendered":"https:\/\/wgphoto.pl\/t\/?p=3849"},"modified":"2024-10-24T19:07:11","modified_gmt":"2024-10-24T17:07:11","slug":"hnevin-z-tramwajem","status":"publish","type":"post","link":"https:\/\/wgphoto.pl\/t\/?p=3849","title":{"rendered":"Hn\u011bv\u00edn z tramwajem"},"content":{"rendered":"\n<figure class=\"wp-block-image aligncenter size-full\"><img loading=\"lazy\" decoding=\"async\" width=\"1200\" height=\"800\" src=\"https:\/\/wgphoto.pl\/t\/wp-content\/uploads\/2024\/10\/0813-12.jpg\" alt=\"\" class=\"wp-image-3850\" srcset=\"https:\/\/wgphoto.pl\/t\/wp-content\/uploads\/2024\/10\/0813-12.jpg 1200w, https:\/\/wgphoto.pl\/t\/wp-content\/uploads\/2024\/10\/0813-12-300x200.jpg 300w, https:\/\/wgphoto.pl\/t\/wp-content\/uploads\/2024\/10\/0813-12-768x512.jpg 768w\" sizes=\"auto, (max-width: 1200px) 100vw, 1200px\" \/><\/figure>\n\n\n\n<div class=\"wp-block-group has-global-padding is-layout-constrained wp-block-group-is-layout-constrained\">\n<p>T3M3 313 na skrzy\u017cowaniu linii tramwajowych w Mo\u015bcie. Poza szczytem mi\u0119dzy Litv\u00ednovem a Mostem z 20-minutow\u0105 cz\u0119stotliwo\u015bci\u0105 kursuje tylko jedna linia &#8211; czw\u00f3rka. W szczycie dystans ten pokonuj\u0105 cztery linie, pojawiaj\u0105c si\u0119 na przystankach \u0142\u0105cznie a\u017c 18 razy w ci\u0105gu godziny oraz zapewniaj\u0105c po\u0142\u0105czenie z centr\u00f3w obu miast do po\u0142o\u017conej mi\u0119dzy nimi rafinerii. 10.09.2008<\/p>\n<\/div>\n","protected":false},"excerpt":{"rendered":"<p>T3M3 313 na skrzy\u017cowaniu linii tramwajowych w Mo\u015bcie. Poza szczytem mi\u0119dzy Litv\u00ednovem a Mostem z 20-minutow\u0105 cz\u0119stotliwo\u015bci\u0105 kursuje tylko jedna linia &#8211; czw\u00f3rka. W szczycie dystans ten pokonuj\u0105 cztery linie, pojawiaj\u0105c si\u0119 na przystankach \u0142\u0105cznie a\u017c 18 razy w ci\u0105gu godziny oraz zapewniaj\u0105c po\u0142\u0105czenie z centr\u00f3w obu miast do po\u0142o\u017conej mi\u0119dzy nimi rafinerii. 10.09.2008<\/p>\n","protected":false},"author":1,"featured_media":3850,"comment_status":"open","ping_status":"","sticky":false,"template":"","format":"standard","meta":{"footnotes":""},"categories":[62,120,3],"tags":[1682,49,1684,114,1683,1011],"class_list":["post-3849","post","type-post","status-publish","format-standard","has-post-thumbnail","hentry","category-analog","category-rok-2008","category-tramwaj","tag-2008-09-10","tag-czechy","tag-dp-most","tag-gory","tag-most-cz","tag-tatra-t3"],"_links":{"self":[{"href":"https:\/\/wgphoto.pl\/t\/index.php?rest_route=\/wp\/v2\/posts\/3849","targetHints":{"allow":["GET"]}}],"collection":[{"href":"https:\/\/wgphoto.pl\/t\/index.php?rest_route=\/wp\/v2\/posts"}],"about":[{"href":"https:\/\/wgphoto.pl\/t\/index.php?rest_route=\/wp\/v2\/types\/post"}],"author":[{"embeddable":true,"href":"https:\/\/wgphoto.pl\/t\/index.php?rest_route=\/wp\/v2\/users\/1"}],"replies":[{"embeddable":true,"href":"https:\/\/wgphoto.pl\/t\/index.php?rest_route=%2Fwp%2Fv2%2Fcomments&post=3849"}],"version-history":[{"count":1,"href":"https:\/\/wgphoto.pl\/t\/index.php?rest_route=\/wp\/v2\/posts\/3849\/revisions"}],"predecessor-version":[{"id":3851,"href":"https:\/\/wgphoto.pl\/t\/index.php?rest_route=\/wp\/v2\/posts\/3849\/revisions\/3851"}],"wp:featuredmedia":[{"embeddable":true,"href":"https:\/\/wgphoto.pl\/t\/index.php?rest_route=\/wp\/v2\/media\/3850"}],"wp:attachment":[{"href":"https:\/\/wgphoto.pl\/t\/index.php?rest_route=%2Fwp%2Fv2%2Fmedia&parent=3849"}],"wp:term":[{"taxonomy":"category","embeddable":true,"href":"https:\/\/wgphoto.pl\/t\/index.php?rest_route=%2Fwp%2Fv2%2Fcategories&post=3849"},{"taxonomy":"post_tag","embeddable":true,"href":"https:\/\/wgphoto.pl\/t\/index.php?rest_route=%2Fwp%2Fv2%2Ftags&post=3849"}],"curies":[{"name":"wp","href":"https:\/\/api.w.org\/{rel}","templated":true}]}}