{"id":3852,"date":"2024-10-24T19:08:22","date_gmt":"2024-10-24T17:08:22","guid":{"rendered":"https:\/\/wgphoto.pl\/t\/?p=3852"},"modified":"2024-10-24T19:08:22","modified_gmt":"2024-10-24T17:08:22","slug":"hnevin-z-pociagiem","status":"publish","type":"post","link":"https:\/\/wgphoto.pl\/t\/?p=3852","title":{"rendered":"Hn\u011bv\u00edn z poci\u0105giem"},"content":{"rendered":"\n<figure class=\"wp-block-image aligncenter size-full\"><img loading=\"lazy\" decoding=\"async\" width=\"750\" height=\"1000\" src=\"https:\/\/wgphoto.pl\/t\/wp-content\/uploads\/2024\/10\/0813-11.jpg\" alt=\"\" class=\"wp-image-3853\" srcset=\"https:\/\/wgphoto.pl\/t\/wp-content\/uploads\/2024\/10\/0813-11.jpg 750w, https:\/\/wgphoto.pl\/t\/wp-content\/uploads\/2024\/10\/0813-11-225x300.jpg 225w\" sizes=\"auto, (max-width: 750px) 100vw, 750px\" \/><\/figure>\n\n\n\n<div class=\"wp-block-group has-global-padding is-layout-constrained wp-block-group-is-layout-constrained\">\n<p>122.005-2 prowadz\u0105c sk\u0142ad towarowy od strony Chomutova wje\u017cd\u017ca na stacj\u0119 Most. Nad kadrem g\u00f3ruje zamek Hn\u011bv\u00edn, po\u0142o\u017cony na szczycie wzg\u00f3rza o wysoko\u015bci 399 m n.p.m. 10.09.2008<\/p>\n<\/div>\n","protected":false},"excerpt":{"rendered":"<p>122.005-2 prowadz\u0105c sk\u0142ad towarowy od strony Chomutova wje\u017cd\u017ca na stacj\u0119 Most. Nad kadrem g\u00f3ruje zamek Hn\u011bv\u00edn, po\u0142o\u017cony na szczycie wzg\u00f3rza o wysoko\u015bci 399 m n.p.m. 10.09.2008<\/p>\n","protected":false},"author":1,"featured_media":3853,"comment_status":"open","ping_status":"","sticky":false,"template":"","format":"standard","meta":{"footnotes":""},"categories":[62,2,128,120],"tags":[1686,1682,50,49,114,1683,1685],"class_list":["post-3852","post","type-post","status-publish","format-standard","has-post-thumbnail","hentry","category-analog","category-kolej","category-pionowe","category-rok-2008","tag-1686","tag-2008-09-10","tag-cd","tag-czechy","tag-gory","tag-most-cz","tag-tab-cz130"],"_links":{"self":[{"href":"https:\/\/wgphoto.pl\/t\/index.php?rest_route=\/wp\/v2\/posts\/3852","targetHints":{"allow":["GET"]}}],"collection":[{"href":"https:\/\/wgphoto.pl\/t\/index.php?rest_route=\/wp\/v2\/posts"}],"about":[{"href":"https:\/\/wgphoto.pl\/t\/index.php?rest_route=\/wp\/v2\/types\/post"}],"author":[{"embeddable":true,"href":"https:\/\/wgphoto.pl\/t\/index.php?rest_route=\/wp\/v2\/users\/1"}],"replies":[{"embeddable":true,"href":"https:\/\/wgphoto.pl\/t\/index.php?rest_route=%2Fwp%2Fv2%2Fcomments&post=3852"}],"version-history":[{"count":1,"href":"https:\/\/wgphoto.pl\/t\/index.php?rest_route=\/wp\/v2\/posts\/3852\/revisions"}],"predecessor-version":[{"id":3854,"href":"https:\/\/wgphoto.pl\/t\/index.php?rest_route=\/wp\/v2\/posts\/3852\/revisions\/3854"}],"wp:featuredmedia":[{"embeddable":true,"href":"https:\/\/wgphoto.pl\/t\/index.php?rest_route=\/wp\/v2\/media\/3853"}],"wp:attachment":[{"href":"https:\/\/wgphoto.pl\/t\/index.php?rest_route=%2Fwp%2Fv2%2Fmedia&parent=3852"}],"wp:term":[{"taxonomy":"category","embeddable":true,"href":"https:\/\/wgphoto.pl\/t\/index.php?rest_route=%2Fwp%2Fv2%2Fcategories&post=3852"},{"taxonomy":"post_tag","embeddable":true,"href":"https:\/\/wgphoto.pl\/t\/index.php?rest_route=%2Fwp%2Fv2%2Ftags&post=3852"}],"curies":[{"name":"wp","href":"https:\/\/api.w.org\/{rel}","templated":true}]}}