{"id":3885,"date":"2024-10-24T19:20:26","date_gmt":"2024-10-24T17:20:26","guid":{"rendered":"https:\/\/wgphoto.pl\/t\/?p=3885"},"modified":"2024-10-24T19:20:26","modified_gmt":"2024-10-24T17:20:26","slug":"powrot-do-przeszlosci","status":"publish","type":"post","link":"https:\/\/wgphoto.pl\/t\/?p=3885","title":{"rendered":"Powr\u00f3t do przesz\u0142o\u015bci"},"content":{"rendered":"\n<figure class=\"wp-block-image aligncenter size-full\"><img loading=\"lazy\" decoding=\"async\" width=\"1300\" height=\"870\" src=\"https:\/\/wgphoto.pl\/t\/wp-content\/uploads\/2024\/10\/IMGP6429.jpg\" alt=\"\" class=\"wp-image-3886\" srcset=\"https:\/\/wgphoto.pl\/t\/wp-content\/uploads\/2024\/10\/IMGP6429.jpg 1300w, https:\/\/wgphoto.pl\/t\/wp-content\/uploads\/2024\/10\/IMGP6429-300x201.jpg 300w, https:\/\/wgphoto.pl\/t\/wp-content\/uploads\/2024\/10\/IMGP6429-768x514.jpg 768w\" sizes=\"auto, (max-width: 1300px) 100vw, 1300px\" \/><\/figure>\n\n\n\n<div class=\"wp-block-group has-global-padding is-layout-constrained wp-block-group-is-layout-constrained\">\n<p>Lokomotywa 242.279-8 z poci\u0105giem pospiesznym 664 &#8222;Jakub Kr\u010d\u00edn&#8221; relacji Brno hl.n. &#8211; Plze\u0148 hl.n. zatrzymuje si\u0119 na stacji Vesel\u00ed nad Lu\u017enic\u00ed. W tle stoj\u0105 osob\u00f3wki z Czeskich Budziejowic do T\u00e1bora oraz z Vesel\u00ed nad Lu\u017enic\u00ed do stacji Po\u010d\u00e1tky-\u017dirovnice. Obecnie na stacji s\u0105 szerokie i wysokie perony z wiatami, natomiast obrazek ze zdj\u0119cia, z pojazdami wy\u0142\u0105cznie w starych barwach, z dy\u017curnym ruchu i w\u00f3zkiem baga\u017cowym, spokojnie m\u00f3g\u0142by powsta\u0107 10 czy 15 lat wcze\u015bniej ni\u017c w rzeczywisto\u015bci. 25.08.2010<\/p>\n<\/div>\n","protected":false},"excerpt":{"rendered":"<p>Lokomotywa 242.279-8 z poci\u0105giem pospiesznym 664 &#8222;Jakub Kr\u010d\u00edn&#8221; relacji Brno hl.n. &#8211; Plze\u0148 hl.n. zatrzymuje si\u0119 na stacji Vesel\u00ed nad Lu\u017enic\u00ed. W tle stoj\u0105 osob\u00f3wki z Czeskich Budziejowic do T\u00e1bora oraz z Vesel\u00ed nad Lu\u017enic\u00ed do stacji Po\u010d\u00e1tky-\u017dirovnice. Obecnie na stacji s\u0105 szerokie i wysokie perony z wiatami, natomiast obrazek ze zdj\u0119cia, z pojazdami wy\u0142\u0105cznie [&hellip;]<\/p>\n","protected":false},"author":1,"featured_media":3886,"comment_status":"open","ping_status":"","sticky":false,"template":"","format":"standard","meta":{"footnotes":""},"categories":[2,86],"tags":[308,305,50,49,313,1694,1695],"class_list":["post-3885","post","type-post","status-publish","format-standard","has-post-thumbnail","hentry","category-kolej","category-rok-2010","tag-2010-08-25","tag-305","tag-cd","tag-czechy","tag-dyzurny","tag-tab-cz220","tag-veseli-nad-luznici"],"_links":{"self":[{"href":"https:\/\/wgphoto.pl\/t\/index.php?rest_route=\/wp\/v2\/posts\/3885","targetHints":{"allow":["GET"]}}],"collection":[{"href":"https:\/\/wgphoto.pl\/t\/index.php?rest_route=\/wp\/v2\/posts"}],"about":[{"href":"https:\/\/wgphoto.pl\/t\/index.php?rest_route=\/wp\/v2\/types\/post"}],"author":[{"embeddable":true,"href":"https:\/\/wgphoto.pl\/t\/index.php?rest_route=\/wp\/v2\/users\/1"}],"replies":[{"embeddable":true,"href":"https:\/\/wgphoto.pl\/t\/index.php?rest_route=%2Fwp%2Fv2%2Fcomments&post=3885"}],"version-history":[{"count":1,"href":"https:\/\/wgphoto.pl\/t\/index.php?rest_route=\/wp\/v2\/posts\/3885\/revisions"}],"predecessor-version":[{"id":3887,"href":"https:\/\/wgphoto.pl\/t\/index.php?rest_route=\/wp\/v2\/posts\/3885\/revisions\/3887"}],"wp:featuredmedia":[{"embeddable":true,"href":"https:\/\/wgphoto.pl\/t\/index.php?rest_route=\/wp\/v2\/media\/3886"}],"wp:attachment":[{"href":"https:\/\/wgphoto.pl\/t\/index.php?rest_route=%2Fwp%2Fv2%2Fmedia&parent=3885"}],"wp:term":[{"taxonomy":"category","embeddable":true,"href":"https:\/\/wgphoto.pl\/t\/index.php?rest_route=%2Fwp%2Fv2%2Fcategories&post=3885"},{"taxonomy":"post_tag","embeddable":true,"href":"https:\/\/wgphoto.pl\/t\/index.php?rest_route=%2Fwp%2Fv2%2Ftags&post=3885"}],"curies":[{"name":"wp","href":"https:\/\/api.w.org\/{rel}","templated":true}]}}