{"id":3898,"date":"2024-10-24T20:15:02","date_gmt":"2024-10-24T18:15:02","guid":{"rendered":"https:\/\/wgphoto.pl\/t\/?p=3898"},"modified":"2024-10-24T20:15:02","modified_gmt":"2024-10-24T18:15:02","slug":"pusty-tramwaj-w-pustym-miescie","status":"publish","type":"post","link":"https:\/\/wgphoto.pl\/t\/?p=3898","title":{"rendered":"Pusty tramwaj w pustym mie\u015bcie"},"content":{"rendered":"\n<figure class=\"wp-block-image aligncenter size-full\"><img loading=\"lazy\" decoding=\"async\" width=\"1300\" height=\"861\" src=\"https:\/\/wgphoto.pl\/t\/wp-content\/uploads\/2024\/10\/IMGP7907.jpg\" alt=\"\" class=\"wp-image-3899\" srcset=\"https:\/\/wgphoto.pl\/t\/wp-content\/uploads\/2024\/10\/IMGP7907.jpg 1300w, https:\/\/wgphoto.pl\/t\/wp-content\/uploads\/2024\/10\/IMGP7907-300x199.jpg 300w, https:\/\/wgphoto.pl\/t\/wp-content\/uploads\/2024\/10\/IMGP7907-768x509.jpg 768w\" sizes=\"auto, (max-width: 1300px) 100vw, 1300px\" \/><\/figure>\n\n\n\n<div class=\"wp-block-group has-global-padding is-layout-constrained wp-block-group-is-layout-constrained\">\n<p>Wroc\u0142aw, skrzy\u017cowanie ul. Borowskiej z Such\u0105. \u0160koda 19T 3106 mija biurowiec Sagittarius Business House, oddany do u\u017cytku ca\u0142kiem niedawno i wnosz\u0105cy nieco wielkomiejsko\u015bci w t\u0119 pust\u0105 niegdy\u015b okolic\u0119. Dworzec g\u0142\u00f3wny tu\u017c obok, a na widocznej dzia\u0142ce sta\u0142y wcze\u015bniej jakie\u015b baraki. 04.04.2020<\/p>\n<\/div>\n","protected":false},"excerpt":{"rendered":"<p>Wroc\u0142aw, skrzy\u017cowanie ul. Borowskiej z Such\u0105. \u0160koda 19T 3106 mija biurowiec Sagittarius Business House, oddany do u\u017cytku ca\u0142kiem niedawno i wnosz\u0105cy nieco wielkomiejsko\u015bci w t\u0119 pust\u0105 niegdy\u015b okolic\u0119. Dworzec g\u0142\u00f3wny tu\u017c obok, a na widocznej dzia\u0142ce sta\u0142y wcze\u015bniej jakie\u015b baraki. 04.04.2020<\/p>\n","protected":false},"author":1,"featured_media":3899,"comment_status":"open","ping_status":"","sticky":false,"template":"","format":"standard","meta":{"footnotes":""},"categories":[676,3],"tags":[1696,34,42,1493,216,41],"class_list":["post-3898","post","type-post","status-publish","format-standard","has-post-thumbnail","hentry","category-rok-2020","category-tramwaj","tag-2020-04-04","tag-architektura","tag-mpk-wroclaw","tag-skoda-19t","tag-skoda-elektra","tag-wroclaw"],"_links":{"self":[{"href":"https:\/\/wgphoto.pl\/t\/index.php?rest_route=\/wp\/v2\/posts\/3898","targetHints":{"allow":["GET"]}}],"collection":[{"href":"https:\/\/wgphoto.pl\/t\/index.php?rest_route=\/wp\/v2\/posts"}],"about":[{"href":"https:\/\/wgphoto.pl\/t\/index.php?rest_route=\/wp\/v2\/types\/post"}],"author":[{"embeddable":true,"href":"https:\/\/wgphoto.pl\/t\/index.php?rest_route=\/wp\/v2\/users\/1"}],"replies":[{"embeddable":true,"href":"https:\/\/wgphoto.pl\/t\/index.php?rest_route=%2Fwp%2Fv2%2Fcomments&post=3898"}],"version-history":[{"count":1,"href":"https:\/\/wgphoto.pl\/t\/index.php?rest_route=\/wp\/v2\/posts\/3898\/revisions"}],"predecessor-version":[{"id":3900,"href":"https:\/\/wgphoto.pl\/t\/index.php?rest_route=\/wp\/v2\/posts\/3898\/revisions\/3900"}],"wp:featuredmedia":[{"embeddable":true,"href":"https:\/\/wgphoto.pl\/t\/index.php?rest_route=\/wp\/v2\/media\/3899"}],"wp:attachment":[{"href":"https:\/\/wgphoto.pl\/t\/index.php?rest_route=%2Fwp%2Fv2%2Fmedia&parent=3898"}],"wp:term":[{"taxonomy":"category","embeddable":true,"href":"https:\/\/wgphoto.pl\/t\/index.php?rest_route=%2Fwp%2Fv2%2Fcategories&post=3898"},{"taxonomy":"post_tag","embeddable":true,"href":"https:\/\/wgphoto.pl\/t\/index.php?rest_route=%2Fwp%2Fv2%2Ftags&post=3898"}],"curies":[{"name":"wp","href":"https:\/\/api.w.org\/{rel}","templated":true}]}}