{"id":3901,"date":"2024-10-24T20:16:03","date_gmt":"2024-10-24T18:16:03","guid":{"rendered":"https:\/\/wgphoto.pl\/t\/?p=3901"},"modified":"2024-10-24T20:16:03","modified_gmt":"2024-10-24T18:16:03","slug":"kolejny-pusty-tramwaj-w-pustym-miescie","status":"publish","type":"post","link":"https:\/\/wgphoto.pl\/t\/?p=3901","title":{"rendered":"Kolejny pusty tramwaj w pustym mie\u015bcie"},"content":{"rendered":"\n<figure class=\"wp-block-image aligncenter size-full\"><img loading=\"lazy\" decoding=\"async\" width=\"1300\" height=\"861\" src=\"https:\/\/wgphoto.pl\/t\/wp-content\/uploads\/2024\/10\/IMGP7903.jpg\" alt=\"\" class=\"wp-image-3902\" srcset=\"https:\/\/wgphoto.pl\/t\/wp-content\/uploads\/2024\/10\/IMGP7903.jpg 1300w, https:\/\/wgphoto.pl\/t\/wp-content\/uploads\/2024\/10\/IMGP7903-300x199.jpg 300w, https:\/\/wgphoto.pl\/t\/wp-content\/uploads\/2024\/10\/IMGP7903-768x509.jpg 768w\" sizes=\"auto, (max-width: 1300px) 100vw, 1300px\" \/><\/figure>\n\n\n\n<div class=\"wp-block-group has-global-padding is-layout-constrained wp-block-group-is-layout-constrained\">\n<p>Wroc\u0142aw, ul. marsz. J\u00f3zefa Pi\u0142sudskiego. Zestaw 105NWr 2350+2349 mija socrealistyczn\u0105 kamienic\u0119. Niewiele jest takiej zabudowy we Wroc\u0142awiu, zdecydowanie bardziej kojarzy mi si\u0119 ona np. z Warszaw\u0105. 04.04.2020<\/p>\n<\/div>\n","protected":false},"excerpt":{"rendered":"<p>Wroc\u0142aw, ul. marsz. J\u00f3zefa Pi\u0142sudskiego. Zestaw 105NWr 2350+2349 mija socrealistyczn\u0105 kamienic\u0119. Niewiele jest takiej zabudowy we Wroc\u0142awiu, zdecydowanie bardziej kojarzy mi si\u0119 ona np. z Warszaw\u0105. 04.04.2020<\/p>\n","protected":false},"author":1,"featured_media":3902,"comment_status":"open","ping_status":"","sticky":false,"template":"","format":"standard","meta":{"footnotes":""},"categories":[676,3],"tags":[43,1696,34,42,41],"class_list":["post-3901","post","type-post","status-publish","format-standard","has-post-thumbnail","hentry","category-rok-2020","category-tramwaj","tag-105nwr","tag-2020-04-04","tag-architektura","tag-mpk-wroclaw","tag-wroclaw"],"_links":{"self":[{"href":"https:\/\/wgphoto.pl\/t\/index.php?rest_route=\/wp\/v2\/posts\/3901","targetHints":{"allow":["GET"]}}],"collection":[{"href":"https:\/\/wgphoto.pl\/t\/index.php?rest_route=\/wp\/v2\/posts"}],"about":[{"href":"https:\/\/wgphoto.pl\/t\/index.php?rest_route=\/wp\/v2\/types\/post"}],"author":[{"embeddable":true,"href":"https:\/\/wgphoto.pl\/t\/index.php?rest_route=\/wp\/v2\/users\/1"}],"replies":[{"embeddable":true,"href":"https:\/\/wgphoto.pl\/t\/index.php?rest_route=%2Fwp%2Fv2%2Fcomments&post=3901"}],"version-history":[{"count":1,"href":"https:\/\/wgphoto.pl\/t\/index.php?rest_route=\/wp\/v2\/posts\/3901\/revisions"}],"predecessor-version":[{"id":3903,"href":"https:\/\/wgphoto.pl\/t\/index.php?rest_route=\/wp\/v2\/posts\/3901\/revisions\/3903"}],"wp:featuredmedia":[{"embeddable":true,"href":"https:\/\/wgphoto.pl\/t\/index.php?rest_route=\/wp\/v2\/media\/3902"}],"wp:attachment":[{"href":"https:\/\/wgphoto.pl\/t\/index.php?rest_route=%2Fwp%2Fv2%2Fmedia&parent=3901"}],"wp:term":[{"taxonomy":"category","embeddable":true,"href":"https:\/\/wgphoto.pl\/t\/index.php?rest_route=%2Fwp%2Fv2%2Fcategories&post=3901"},{"taxonomy":"post_tag","embeddable":true,"href":"https:\/\/wgphoto.pl\/t\/index.php?rest_route=%2Fwp%2Fv2%2Ftags&post=3901"}],"curies":[{"name":"wp","href":"https:\/\/api.w.org\/{rel}","templated":true}]}}