{"id":3904,"date":"2024-10-24T20:17:07","date_gmt":"2024-10-24T18:17:07","guid":{"rendered":"https:\/\/wgphoto.pl\/t\/?p=3904"},"modified":"2024-10-24T20:17:07","modified_gmt":"2024-10-24T18:17:07","slug":"czarny-krzyz","status":"publish","type":"post","link":"https:\/\/wgphoto.pl\/t\/?p=3904","title":{"rendered":"Czarny Krzy\u017c"},"content":{"rendered":"\n<figure class=\"wp-block-image aligncenter size-full\"><img loading=\"lazy\" decoding=\"async\" width=\"1300\" height=\"870\" src=\"https:\/\/wgphoto.pl\/t\/wp-content\/uploads\/2024\/10\/IMGP6408.jpg\" alt=\"\" class=\"wp-image-3905\" srcset=\"https:\/\/wgphoto.pl\/t\/wp-content\/uploads\/2024\/10\/IMGP6408.jpg 1300w, https:\/\/wgphoto.pl\/t\/wp-content\/uploads\/2024\/10\/IMGP6408-300x201.jpg 300w, https:\/\/wgphoto.pl\/t\/wp-content\/uploads\/2024\/10\/IMGP6408-768x514.jpg 768w\" sizes=\"auto, (max-width: 1300px) 100vw, 1300px\" \/><\/figure>\n\n\n\n<div class=\"wp-block-group has-global-padding is-layout-constrained wp-block-group-is-layout-constrained\">\n<p>814.083 jako poci\u0105g osobowy 8143 &#8222;www.pohadkovekralovstvi.cz&#8221; (taka nazwa to nie b\u0142\u0105d) relacji \u010cesk\u00e9 Bud\u011bjovice &#8211; Volary podczas zmiany kierunku na stacji \u010cern\u00fd K\u0159\u00ed\u017e. Ludzie widoczni na peronie pojad\u0105 dalej, podobnie jak ja, na &#8222;koniec \u015bwiata&#8221; w Nov\u00fdm \u00dadol\u00ed. 25.08.2010<\/p>\n<\/div>\n","protected":false},"excerpt":{"rendered":"<p>814.083 jako poci\u0105g osobowy 8143 &#8222;www.pohadkovekralovstvi.cz&#8221; (taka nazwa to nie b\u0142\u0105d) relacji \u010cesk\u00e9 Bud\u011bjovice &#8211; Volary podczas zmiany kierunku na stacji \u010cern\u00fd K\u0159\u00ed\u017e. Ludzie widoczni na peronie pojad\u0105 dalej, podobnie jak ja, na &#8222;koniec \u015bwiata&#8221; w Nov\u00fdm \u00dadol\u00ed. 25.08.2010<\/p>\n","protected":false},"author":1,"featured_media":3905,"comment_status":"open","ping_status":"","sticky":false,"template":"","format":"standard","meta":{"footnotes":""},"categories":[2,86],"tags":[308,211,50,1698,49,173,196,151,1697],"class_list":["post-3904","post","type-post","status-publish","format-standard","has-post-thumbnail","hentry","category-kolej","category-rok-2010","tag-2010-08-25","tag-211","tag-cd","tag-cerny-kriz","tag-czechy","tag-koncowki","tag-linie-raczej-lokalne","tag-ludzie","tag-tab-cz194"],"_links":{"self":[{"href":"https:\/\/wgphoto.pl\/t\/index.php?rest_route=\/wp\/v2\/posts\/3904","targetHints":{"allow":["GET"]}}],"collection":[{"href":"https:\/\/wgphoto.pl\/t\/index.php?rest_route=\/wp\/v2\/posts"}],"about":[{"href":"https:\/\/wgphoto.pl\/t\/index.php?rest_route=\/wp\/v2\/types\/post"}],"author":[{"embeddable":true,"href":"https:\/\/wgphoto.pl\/t\/index.php?rest_route=\/wp\/v2\/users\/1"}],"replies":[{"embeddable":true,"href":"https:\/\/wgphoto.pl\/t\/index.php?rest_route=%2Fwp%2Fv2%2Fcomments&post=3904"}],"version-history":[{"count":1,"href":"https:\/\/wgphoto.pl\/t\/index.php?rest_route=\/wp\/v2\/posts\/3904\/revisions"}],"predecessor-version":[{"id":3906,"href":"https:\/\/wgphoto.pl\/t\/index.php?rest_route=\/wp\/v2\/posts\/3904\/revisions\/3906"}],"wp:featuredmedia":[{"embeddable":true,"href":"https:\/\/wgphoto.pl\/t\/index.php?rest_route=\/wp\/v2\/media\/3905"}],"wp:attachment":[{"href":"https:\/\/wgphoto.pl\/t\/index.php?rest_route=%2Fwp%2Fv2%2Fmedia&parent=3904"}],"wp:term":[{"taxonomy":"category","embeddable":true,"href":"https:\/\/wgphoto.pl\/t\/index.php?rest_route=%2Fwp%2Fv2%2Fcategories&post=3904"},{"taxonomy":"post_tag","embeddable":true,"href":"https:\/\/wgphoto.pl\/t\/index.php?rest_route=%2Fwp%2Fv2%2Ftags&post=3904"}],"curies":[{"name":"wp","href":"https:\/\/api.w.org\/{rel}","templated":true}]}}