{"id":3907,"date":"2024-10-24T20:18:11","date_gmt":"2024-10-24T18:18:11","guid":{"rendered":"https:\/\/wgphoto.pl\/t\/?p=3907"},"modified":"2024-10-24T20:18:11","modified_gmt":"2024-10-24T18:18:11","slug":"jeszcze-wiecej-plechaczy","status":"publish","type":"post","link":"https:\/\/wgphoto.pl\/t\/?p=3907","title":{"rendered":"Jeszcze wi\u0119cej plechaczy"},"content":{"rendered":"\n<figure class=\"wp-block-image aligncenter size-full\"><img loading=\"lazy\" decoding=\"async\" width=\"1300\" height=\"867\" src=\"https:\/\/wgphoto.pl\/t\/wp-content\/uploads\/2024\/10\/IMGP6375.jpg\" alt=\"\" class=\"wp-image-3908\" srcset=\"https:\/\/wgphoto.pl\/t\/wp-content\/uploads\/2024\/10\/IMGP6375.jpg 1300w, https:\/\/wgphoto.pl\/t\/wp-content\/uploads\/2024\/10\/IMGP6375-300x200.jpg 300w, https:\/\/wgphoto.pl\/t\/wp-content\/uploads\/2024\/10\/IMGP6375-768x512.jpg 768w\" sizes=\"auto, (max-width: 1300px) 100vw, 1300px\" \/><\/figure>\n\n\n\n<div class=\"wp-block-group has-global-padding is-layout-constrained wp-block-group-is-layout-constrained\">\n<p>Obfito\u015b\u0107 moich ulubionych czeskich lokomotyw na stacji \u010cesk\u00e9 Bud\u011bjovice. Jedyne poci\u0105gi, jakie pasuj\u0105 wg rozk\u0142adu jazdy, to pospieszny 925 &#8222;Hejtman&#8221; Plze\u0148 hl.n. &#8211; Havl\u00ed\u010dk\u016fv Brod i osobowy 8224 do T\u00e1bora. 24.08.2010<\/p>\n<\/div>\n","protected":false},"excerpt":{"rendered":"<p>Obfito\u015b\u0107 moich ulubionych czeskich lokomotyw na stacji \u010cesk\u00e9 Bud\u011bjovice. Jedyne poci\u0105gi, jakie pasuj\u0105 wg rozk\u0142adu jazdy, to pospieszny 925 &#8222;Hejtman&#8221; Plze\u0148 hl.n. &#8211; Havl\u00ed\u010dk\u016fv Brod i osobowy 8224 do T\u00e1bora. 24.08.2010<\/p>\n","protected":false},"author":1,"featured_media":3908,"comment_status":"open","ping_status":"","sticky":false,"template":"","format":"standard","meta":{"footnotes":""},"categories":[2,86],"tags":[945,305,50,307,49,1694],"class_list":["post-3907","post","type-post","status-publish","format-standard","has-post-thumbnail","hentry","category-kolej","category-rok-2010","tag-2010-08-24","tag-305","tag-cd","tag-ceske-budejovice","tag-czechy","tag-tab-cz220"],"_links":{"self":[{"href":"https:\/\/wgphoto.pl\/t\/index.php?rest_route=\/wp\/v2\/posts\/3907","targetHints":{"allow":["GET"]}}],"collection":[{"href":"https:\/\/wgphoto.pl\/t\/index.php?rest_route=\/wp\/v2\/posts"}],"about":[{"href":"https:\/\/wgphoto.pl\/t\/index.php?rest_route=\/wp\/v2\/types\/post"}],"author":[{"embeddable":true,"href":"https:\/\/wgphoto.pl\/t\/index.php?rest_route=\/wp\/v2\/users\/1"}],"replies":[{"embeddable":true,"href":"https:\/\/wgphoto.pl\/t\/index.php?rest_route=%2Fwp%2Fv2%2Fcomments&post=3907"}],"version-history":[{"count":1,"href":"https:\/\/wgphoto.pl\/t\/index.php?rest_route=\/wp\/v2\/posts\/3907\/revisions"}],"predecessor-version":[{"id":3909,"href":"https:\/\/wgphoto.pl\/t\/index.php?rest_route=\/wp\/v2\/posts\/3907\/revisions\/3909"}],"wp:featuredmedia":[{"embeddable":true,"href":"https:\/\/wgphoto.pl\/t\/index.php?rest_route=\/wp\/v2\/media\/3908"}],"wp:attachment":[{"href":"https:\/\/wgphoto.pl\/t\/index.php?rest_route=%2Fwp%2Fv2%2Fmedia&parent=3907"}],"wp:term":[{"taxonomy":"category","embeddable":true,"href":"https:\/\/wgphoto.pl\/t\/index.php?rest_route=%2Fwp%2Fv2%2Fcategories&post=3907"},{"taxonomy":"post_tag","embeddable":true,"href":"https:\/\/wgphoto.pl\/t\/index.php?rest_route=%2Fwp%2Fv2%2Ftags&post=3907"}],"curies":[{"name":"wp","href":"https:\/\/api.w.org\/{rel}","templated":true}]}}