{"id":3916,"date":"2024-10-24T20:21:52","date_gmt":"2024-10-24T18:21:52","guid":{"rendered":"https:\/\/wgphoto.pl\/t\/?p=3916"},"modified":"2024-10-24T20:22:08","modified_gmt":"2024-10-24T18:22:08","slug":"przejazd-na-ul-wiaduktowej","status":"publish","type":"post","link":"https:\/\/wgphoto.pl\/t\/?p=3916","title":{"rendered":"Przejazd na ul. Wiaduktowej"},"content":{"rendered":"\n<figure class=\"wp-block-image aligncenter size-full\"><img loading=\"lazy\" decoding=\"async\" width=\"750\" height=\"1000\" src=\"https:\/\/wgphoto.pl\/t\/wp-content\/uploads\/2024\/10\/2002v-27.jpg\" alt=\"\" class=\"wp-image-3917\" srcset=\"https:\/\/wgphoto.pl\/t\/wp-content\/uploads\/2024\/10\/2002v-27.jpg 750w, https:\/\/wgphoto.pl\/t\/wp-content\/uploads\/2024\/10\/2002v-27-225x300.jpg 225w\" sizes=\"auto, (max-width: 750px) 100vw, 750px\" \/><\/figure>\n\n\n\n<div class=\"wp-block-group has-global-padding is-layout-constrained wp-block-group-is-layout-constrained\">\n<p>EU07-186 z poci\u0105giem osobowym 322 z Mi\u0119dzylesia do Wroc\u0142awia G\u0142\u00f3wnego za kilka minut osi\u0105gnie stacj\u0119 docelow\u0105, ale na razie mija przejazd na ul. Wiaduktowej. 15.09.2002<\/p>\n<\/div>\n","protected":false},"excerpt":{"rendered":"<p>EU07-186 z poci\u0105giem osobowym 322 z Mi\u0119dzylesia do Wroc\u0142awia G\u0142\u00f3wnego za kilka minut osi\u0105gnie stacj\u0119 docelow\u0105, ale na razie mija przejazd na ul. Wiaduktowej. 15.09.2002<\/p>\n","protected":false},"author":1,"featured_media":3917,"comment_status":"open","ping_status":"","sticky":false,"template":"","format":"standard","meta":{"footnotes":""},"categories":[62,2,128,577],"tags":[1702,288,122,1701,27,905,383,41,180],"class_list":["post-3916","post","type-post","status-publish","format-standard","has-post-thumbnail","hentry","category-analog","category-kolej","category-pionowe","category-rok-2002","tag-2002-09-15","tag-bipa","tag-eu07","tag-podg-lamowice","tag-polska","tag-przez","tag-tab-pl230","tag-wroclaw","tag-wroclaw-glowny"],"_links":{"self":[{"href":"https:\/\/wgphoto.pl\/t\/index.php?rest_route=\/wp\/v2\/posts\/3916","targetHints":{"allow":["GET"]}}],"collection":[{"href":"https:\/\/wgphoto.pl\/t\/index.php?rest_route=\/wp\/v2\/posts"}],"about":[{"href":"https:\/\/wgphoto.pl\/t\/index.php?rest_route=\/wp\/v2\/types\/post"}],"author":[{"embeddable":true,"href":"https:\/\/wgphoto.pl\/t\/index.php?rest_route=\/wp\/v2\/users\/1"}],"replies":[{"embeddable":true,"href":"https:\/\/wgphoto.pl\/t\/index.php?rest_route=%2Fwp%2Fv2%2Fcomments&post=3916"}],"version-history":[{"count":1,"href":"https:\/\/wgphoto.pl\/t\/index.php?rest_route=\/wp\/v2\/posts\/3916\/revisions"}],"predecessor-version":[{"id":3918,"href":"https:\/\/wgphoto.pl\/t\/index.php?rest_route=\/wp\/v2\/posts\/3916\/revisions\/3918"}],"wp:featuredmedia":[{"embeddable":true,"href":"https:\/\/wgphoto.pl\/t\/index.php?rest_route=\/wp\/v2\/media\/3917"}],"wp:attachment":[{"href":"https:\/\/wgphoto.pl\/t\/index.php?rest_route=%2Fwp%2Fv2%2Fmedia&parent=3916"}],"wp:term":[{"taxonomy":"category","embeddable":true,"href":"https:\/\/wgphoto.pl\/t\/index.php?rest_route=%2Fwp%2Fv2%2Fcategories&post=3916"},{"taxonomy":"post_tag","embeddable":true,"href":"https:\/\/wgphoto.pl\/t\/index.php?rest_route=%2Fwp%2Fv2%2Ftags&post=3916"}],"curies":[{"name":"wp","href":"https:\/\/api.w.org\/{rel}","templated":true}]}}