{"id":3928,"date":"2024-10-24T20:32:15","date_gmt":"2024-10-24T18:32:15","guid":{"rendered":"https:\/\/wgphoto.pl\/t\/?p=3928"},"modified":"2024-10-24T20:32:15","modified_gmt":"2024-10-24T18:32:15","slug":"tramwajowa-pocztowka-z-budapesztu","status":"publish","type":"post","link":"https:\/\/wgphoto.pl\/t\/?p=3928","title":{"rendered":"Tramwajowa poczt\u00f3wka z Budapesztu"},"content":{"rendered":"\n<figure class=\"wp-block-image aligncenter size-full\"><img loading=\"lazy\" decoding=\"async\" width=\"1300\" height=\"871\" src=\"https:\/\/wgphoto.pl\/t\/wp-content\/uploads\/2024\/10\/IMGP5399.jpg\" alt=\"\" class=\"wp-image-3929\" srcset=\"https:\/\/wgphoto.pl\/t\/wp-content\/uploads\/2024\/10\/IMGP5399.jpg 1300w, https:\/\/wgphoto.pl\/t\/wp-content\/uploads\/2024\/10\/IMGP5399-300x201.jpg 300w, https:\/\/wgphoto.pl\/t\/wp-content\/uploads\/2024\/10\/IMGP5399-768x515.jpg 768w\" sizes=\"auto, (max-width: 1300px) 100vw, 1300px\" \/><\/figure>\n\n\n\n<div class=\"wp-block-group has-global-padding is-layout-constrained wp-block-group-is-layout-constrained\">\n<p>Budapeszt, Szabads\u00e1g h\u00edd. Most Wolno\u015bci i tramwaje Ganza to zdecydowanie ikony Budapesztu. By\u0107 mo\u017ce kilka takich poczt\u00f3wkowych uj\u0119\u0107 ju\u017c si\u0119 tu pojawi\u0142o. Tym razem prezentuj\u0119 &#8222;poczt\u00f3wk\u0119&#8221; w oprawie wieczornej, z mijank\u0105 i mi\u0119dzynarodowym pozdrowieniem motorniczych za pomoc\u0105 kierunkowskazu. \ud83d\ude09 18.06.2014<\/p>\n<\/div>\n","protected":false},"excerpt":{"rendered":"<p>Budapeszt, Szabads\u00e1g h\u00edd. Most Wolno\u015bci i tramwaje Ganza to zdecydowanie ikony Budapesztu. By\u0107 mo\u017ce kilka takich poczt\u00f3wkowych uj\u0119\u0107 ju\u017c si\u0119 tu pojawi\u0142o. Tym razem prezentuj\u0119 &#8222;poczt\u00f3wk\u0119&#8221; w oprawie wieczornej, z mijank\u0105 i mi\u0119dzynarodowym pozdrowieniem motorniczych za pomoc\u0105 kierunkowskazu. \ud83d\ude09 18.06.2014<\/p>\n","protected":false},"author":1,"featured_media":3929,"comment_status":"open","ping_status":"","sticky":false,"template":"","format":"standard","meta":{"footnotes":""},"categories":[48,3],"tags":[148,147,144,699,173,389,45,154,105],"class_list":["post-3928","post","type-post","status-publish","format-standard","has-post-thumbnail","hentry","category-rok-2014","category-tramwaj","tag-2014-06-18","tag-bkv-budapest","tag-budapeszt","tag-ganz-csmg2","tag-koncowki","tag-mijanka","tag-most","tag-noc","tag-wegry"],"_links":{"self":[{"href":"https:\/\/wgphoto.pl\/t\/index.php?rest_route=\/wp\/v2\/posts\/3928","targetHints":{"allow":["GET"]}}],"collection":[{"href":"https:\/\/wgphoto.pl\/t\/index.php?rest_route=\/wp\/v2\/posts"}],"about":[{"href":"https:\/\/wgphoto.pl\/t\/index.php?rest_route=\/wp\/v2\/types\/post"}],"author":[{"embeddable":true,"href":"https:\/\/wgphoto.pl\/t\/index.php?rest_route=\/wp\/v2\/users\/1"}],"replies":[{"embeddable":true,"href":"https:\/\/wgphoto.pl\/t\/index.php?rest_route=%2Fwp%2Fv2%2Fcomments&post=3928"}],"version-history":[{"count":1,"href":"https:\/\/wgphoto.pl\/t\/index.php?rest_route=\/wp\/v2\/posts\/3928\/revisions"}],"predecessor-version":[{"id":3930,"href":"https:\/\/wgphoto.pl\/t\/index.php?rest_route=\/wp\/v2\/posts\/3928\/revisions\/3930"}],"wp:featuredmedia":[{"embeddable":true,"href":"https:\/\/wgphoto.pl\/t\/index.php?rest_route=\/wp\/v2\/media\/3929"}],"wp:attachment":[{"href":"https:\/\/wgphoto.pl\/t\/index.php?rest_route=%2Fwp%2Fv2%2Fmedia&parent=3928"}],"wp:term":[{"taxonomy":"category","embeddable":true,"href":"https:\/\/wgphoto.pl\/t\/index.php?rest_route=%2Fwp%2Fv2%2Fcategories&post=3928"},{"taxonomy":"post_tag","embeddable":true,"href":"https:\/\/wgphoto.pl\/t\/index.php?rest_route=%2Fwp%2Fv2%2Ftags&post=3928"}],"curies":[{"name":"wp","href":"https:\/\/api.w.org\/{rel}","templated":true}]}}