{"id":3931,"date":"2024-10-24T20:33:26","date_gmt":"2024-10-24T18:33:26","guid":{"rendered":"https:\/\/wgphoto.pl\/t\/?p=3931"},"modified":"2024-10-24T20:33:26","modified_gmt":"2024-10-24T18:33:26","slug":"obfitosc-tramwaju-wsrod-bogactwa-kamienic","status":"publish","type":"post","link":"https:\/\/wgphoto.pl\/t\/?p=3931","title":{"rendered":"Obfito\u015b\u0107 tramwaju w\u015br\u00f3d bogactwa kamienic"},"content":{"rendered":"\n<figure class=\"wp-block-image aligncenter size-full\"><img loading=\"lazy\" decoding=\"async\" width=\"1300\" height=\"861\" src=\"https:\/\/wgphoto.pl\/t\/wp-content\/uploads\/2024\/10\/IMGP5432.jpg\" alt=\"\" class=\"wp-image-3932\" srcset=\"https:\/\/wgphoto.pl\/t\/wp-content\/uploads\/2024\/10\/IMGP5432.jpg 1300w, https:\/\/wgphoto.pl\/t\/wp-content\/uploads\/2024\/10\/IMGP5432-300x199.jpg 300w, https:\/\/wgphoto.pl\/t\/wp-content\/uploads\/2024\/10\/IMGP5432-768x509.jpg 768w\" sizes=\"auto, (max-width: 1300px) 100vw, 1300px\" \/><\/figure>\n\n\n\n<div class=\"wp-block-group has-global-padding is-layout-constrained wp-block-group-is-layout-constrained\">\n<p>Budapeszt, Erzs\u00e9bet k\u00f6r\u00fat. D\u0142uuugie Combino mija rz\u0119dy reprezentacyjnych kamienic. 19.06.2014<\/p>\n<\/div>\n","protected":false},"excerpt":{"rendered":"<p>Budapeszt, Erzs\u00e9bet k\u00f6r\u00fat. D\u0142uuugie Combino mija rz\u0119dy reprezentacyjnych kamienic. 19.06.2014<\/p>\n","protected":false},"author":1,"featured_media":3932,"comment_status":"open","ping_status":"","sticky":false,"template":"","format":"standard","meta":{"footnotes":""},"categories":[48,3],"tags":[1007,34,147,144,143,176,381,105],"class_list":["post-3931","post","type-post","status-publish","format-standard","has-post-thumbnail","hentry","category-rok-2014","category-tramwaj","tag-2014-06-19","tag-architektura","tag-bkv-budapest","tag-budapeszt","tag-ponad-30m","tag-rano","tag-siemens-combino","tag-wegry"],"_links":{"self":[{"href":"https:\/\/wgphoto.pl\/t\/index.php?rest_route=\/wp\/v2\/posts\/3931","targetHints":{"allow":["GET"]}}],"collection":[{"href":"https:\/\/wgphoto.pl\/t\/index.php?rest_route=\/wp\/v2\/posts"}],"about":[{"href":"https:\/\/wgphoto.pl\/t\/index.php?rest_route=\/wp\/v2\/types\/post"}],"author":[{"embeddable":true,"href":"https:\/\/wgphoto.pl\/t\/index.php?rest_route=\/wp\/v2\/users\/1"}],"replies":[{"embeddable":true,"href":"https:\/\/wgphoto.pl\/t\/index.php?rest_route=%2Fwp%2Fv2%2Fcomments&post=3931"}],"version-history":[{"count":1,"href":"https:\/\/wgphoto.pl\/t\/index.php?rest_route=\/wp\/v2\/posts\/3931\/revisions"}],"predecessor-version":[{"id":3933,"href":"https:\/\/wgphoto.pl\/t\/index.php?rest_route=\/wp\/v2\/posts\/3931\/revisions\/3933"}],"wp:featuredmedia":[{"embeddable":true,"href":"https:\/\/wgphoto.pl\/t\/index.php?rest_route=\/wp\/v2\/media\/3932"}],"wp:attachment":[{"href":"https:\/\/wgphoto.pl\/t\/index.php?rest_route=%2Fwp%2Fv2%2Fmedia&parent=3931"}],"wp:term":[{"taxonomy":"category","embeddable":true,"href":"https:\/\/wgphoto.pl\/t\/index.php?rest_route=%2Fwp%2Fv2%2Fcategories&post=3931"},{"taxonomy":"post_tag","embeddable":true,"href":"https:\/\/wgphoto.pl\/t\/index.php?rest_route=%2Fwp%2Fv2%2Ftags&post=3931"}],"curies":[{"name":"wp","href":"https:\/\/api.w.org\/{rel}","templated":true}]}}