{"id":3950,"date":"2024-10-25T18:46:22","date_gmt":"2024-10-25T16:46:22","guid":{"rendered":"https:\/\/wgphoto.pl\/t\/?p=3950"},"modified":"2024-10-25T18:46:22","modified_gmt":"2024-10-25T16:46:22","slug":"205wras-2713","status":"publish","type":"post","link":"https:\/\/wgphoto.pl\/t\/?p=3950","title":{"rendered":"205WrAs 2713"},"content":{"rendered":"\n<figure class=\"wp-block-image aligncenter size-full\"><img loading=\"lazy\" decoding=\"async\" width=\"1200\" height=\"803\" src=\"https:\/\/wgphoto.pl\/t\/wp-content\/uploads\/2024\/10\/IMGP3127.jpg\" alt=\"\" class=\"wp-image-3951\" srcset=\"https:\/\/wgphoto.pl\/t\/wp-content\/uploads\/2024\/10\/IMGP3127.jpg 1200w, https:\/\/wgphoto.pl\/t\/wp-content\/uploads\/2024\/10\/IMGP3127-300x201.jpg 300w, https:\/\/wgphoto.pl\/t\/wp-content\/uploads\/2024\/10\/IMGP3127-768x514.jpg 768w\" sizes=\"auto, (max-width: 1200px) 100vw, 1200px\" \/><\/figure>\n\n\n\n<div class=\"wp-block-group has-global-padding is-layout-constrained wp-block-group-is-layout-constrained\">\n<p>Wroc\u0142aw, p\u0119tla Osobowice i Protram #2713, kt\u00f3ry mia\u0142 w\u00f3wczas mo\u017ce ze dwa miesi\u0105ce. Kolejne zabawy w nocne zdj\u0119cia przy wykorzystaniu sta\u0142ki 50\/1,7 i jej prawie pe\u0142nej dziury. Nadal nie jest to szczyt artyzmu, ale co\u015b w sobie to foto ma. 08.05.2010<\/p>\n<\/div>\n","protected":false},"excerpt":{"rendered":"<p>Wroc\u0142aw, p\u0119tla Osobowice i Protram #2713, kt\u00f3ry mia\u0142 w\u00f3wczas mo\u017ce ze dwa miesi\u0105ce. Kolejne zabawy w nocne zdj\u0119cia przy wykorzystaniu sta\u0142ki 50\/1,7 i jej prawie pe\u0142nej dziury. Nadal nie jest to szczyt artyzmu, ale co\u015b w sobie to foto ma. 08.05.2010<\/p>\n","protected":false},"author":1,"featured_media":3951,"comment_status":"open","ping_status":"","sticky":false,"template":"","format":"standard","meta":{"footnotes":""},"categories":[86,3],"tags":[1708,42,154,27,1096,439,41],"class_list":["post-3950","post","type-post","status-publish","format-standard","has-post-thumbnail","hentry","category-rok-2010","category-tramwaj","tag-2010-05-08","tag-mpk-wroclaw","tag-noc","tag-polska","tag-protram-205wras","tag-we-fabryce","tag-wroclaw"],"_links":{"self":[{"href":"https:\/\/wgphoto.pl\/t\/index.php?rest_route=\/wp\/v2\/posts\/3950","targetHints":{"allow":["GET"]}}],"collection":[{"href":"https:\/\/wgphoto.pl\/t\/index.php?rest_route=\/wp\/v2\/posts"}],"about":[{"href":"https:\/\/wgphoto.pl\/t\/index.php?rest_route=\/wp\/v2\/types\/post"}],"author":[{"embeddable":true,"href":"https:\/\/wgphoto.pl\/t\/index.php?rest_route=\/wp\/v2\/users\/1"}],"replies":[{"embeddable":true,"href":"https:\/\/wgphoto.pl\/t\/index.php?rest_route=%2Fwp%2Fv2%2Fcomments&post=3950"}],"version-history":[{"count":1,"href":"https:\/\/wgphoto.pl\/t\/index.php?rest_route=\/wp\/v2\/posts\/3950\/revisions"}],"predecessor-version":[{"id":3952,"href":"https:\/\/wgphoto.pl\/t\/index.php?rest_route=\/wp\/v2\/posts\/3950\/revisions\/3952"}],"wp:featuredmedia":[{"embeddable":true,"href":"https:\/\/wgphoto.pl\/t\/index.php?rest_route=\/wp\/v2\/media\/3951"}],"wp:attachment":[{"href":"https:\/\/wgphoto.pl\/t\/index.php?rest_route=%2Fwp%2Fv2%2Fmedia&parent=3950"}],"wp:term":[{"taxonomy":"category","embeddable":true,"href":"https:\/\/wgphoto.pl\/t\/index.php?rest_route=%2Fwp%2Fv2%2Fcategories&post=3950"},{"taxonomy":"post_tag","embeddable":true,"href":"https:\/\/wgphoto.pl\/t\/index.php?rest_route=%2Fwp%2Fv2%2Ftags&post=3950"}],"curies":[{"name":"wp","href":"https:\/\/api.w.org\/{rel}","templated":true}]}}