{"id":3956,"date":"2024-10-25T18:48:35","date_gmt":"2024-10-25T16:48:35","guid":{"rendered":"https:\/\/wgphoto.pl\/t\/?p=3956"},"modified":"2024-10-25T18:48:35","modified_gmt":"2024-10-25T16:48:35","slug":"metro-z-widokiem-na-sewille","status":"publish","type":"post","link":"https:\/\/wgphoto.pl\/t\/?p=3956","title":{"rendered":"Metro z widokiem na Sewill\u0119"},"content":{"rendered":"\n<figure class=\"wp-block-image aligncenter size-full\"><img loading=\"lazy\" decoding=\"async\" width=\"1300\" height=\"861\" src=\"https:\/\/wgphoto.pl\/t\/wp-content\/uploads\/2024\/10\/IMGP2224.jpg\" alt=\"\" class=\"wp-image-3957\" srcset=\"https:\/\/wgphoto.pl\/t\/wp-content\/uploads\/2024\/10\/IMGP2224.jpg 1300w, https:\/\/wgphoto.pl\/t\/wp-content\/uploads\/2024\/10\/IMGP2224-300x199.jpg 300w, https:\/\/wgphoto.pl\/t\/wp-content\/uploads\/2024\/10\/IMGP2224-768x509.jpg 768w\" sizes=\"auto, (max-width: 1300px) 100vw, 1300px\" \/><\/figure>\n\n\n\n<div class=\"wp-block-group has-global-padding is-layout-constrained wp-block-group-is-layout-constrained\">\n<p>Metrotramwaj (wagon nr 119) zaraz zatrzyma si\u0119 na przystanku San Juan Bajo. To by\u0142o jedyne znalezione przeze mnie miejsce, w kt\u00f3rym mo\u017cna by\u0142o fotografowa\u0107 metro jak cz\u0142owiek bez \u017cadnych kombinacji. 18.11.2018<\/p>\n<\/div>\n","protected":false},"excerpt":{"rendered":"<p>Metrotramwaj (wagon nr 119) zaraz zatrzyma si\u0119 na przystanku San Juan Bajo. To by\u0142o jedyne znalezione przeze mnie miejsce, w kt\u00f3rym mo\u017cna by\u0142o fotografowa\u0107 metro jak cz\u0142owiek bez \u017cadnych kombinacji. 18.11.2018<\/p>\n","protected":false},"author":1,"featured_media":3957,"comment_status":"open","ping_status":"","sticky":false,"template":"","format":"standard","meta":{"footnotes":""},"categories":[4,156,3],"tags":[624,157,159,160,113,830,622],"class_list":["post-3956","post","type-post","status-publish","format-standard","has-post-thumbnail","hentry","category-metro","category-rok-2018","category-tramwaj","tag-2018-11-18","tag-caf-urbos","tag-hiszpania","tag-hiszpania-2018","tag-landszaft","tag-metro-de-sevilla","tag-sewilla"],"_links":{"self":[{"href":"https:\/\/wgphoto.pl\/t\/index.php?rest_route=\/wp\/v2\/posts\/3956","targetHints":{"allow":["GET"]}}],"collection":[{"href":"https:\/\/wgphoto.pl\/t\/index.php?rest_route=\/wp\/v2\/posts"}],"about":[{"href":"https:\/\/wgphoto.pl\/t\/index.php?rest_route=\/wp\/v2\/types\/post"}],"author":[{"embeddable":true,"href":"https:\/\/wgphoto.pl\/t\/index.php?rest_route=\/wp\/v2\/users\/1"}],"replies":[{"embeddable":true,"href":"https:\/\/wgphoto.pl\/t\/index.php?rest_route=%2Fwp%2Fv2%2Fcomments&post=3956"}],"version-history":[{"count":1,"href":"https:\/\/wgphoto.pl\/t\/index.php?rest_route=\/wp\/v2\/posts\/3956\/revisions"}],"predecessor-version":[{"id":3958,"href":"https:\/\/wgphoto.pl\/t\/index.php?rest_route=\/wp\/v2\/posts\/3956\/revisions\/3958"}],"wp:featuredmedia":[{"embeddable":true,"href":"https:\/\/wgphoto.pl\/t\/index.php?rest_route=\/wp\/v2\/media\/3957"}],"wp:attachment":[{"href":"https:\/\/wgphoto.pl\/t\/index.php?rest_route=%2Fwp%2Fv2%2Fmedia&parent=3956"}],"wp:term":[{"taxonomy":"category","embeddable":true,"href":"https:\/\/wgphoto.pl\/t\/index.php?rest_route=%2Fwp%2Fv2%2Fcategories&post=3956"},{"taxonomy":"post_tag","embeddable":true,"href":"https:\/\/wgphoto.pl\/t\/index.php?rest_route=%2Fwp%2Fv2%2Ftags&post=3956"}],"curies":[{"name":"wp","href":"https:\/\/api.w.org\/{rel}","templated":true}]}}