{"id":3962,"date":"2024-10-25T18:50:31","date_gmt":"2024-10-25T16:50:31","guid":{"rendered":"https:\/\/wgphoto.pl\/t\/?p=3962"},"modified":"2024-10-25T18:50:31","modified_gmt":"2024-10-25T16:50:31","slug":"kolejowa-laka-2","status":"publish","type":"post","link":"https:\/\/wgphoto.pl\/t\/?p=3962","title":{"rendered":"Kolejowa \u0142\u0105ka"},"content":{"rendered":"\n<figure class=\"wp-block-image aligncenter size-full\"><img loading=\"lazy\" decoding=\"async\" width=\"1300\" height=\"867\" src=\"https:\/\/wgphoto.pl\/t\/wp-content\/uploads\/2024\/10\/0406-18.jpg\" alt=\"\" class=\"wp-image-3963\" srcset=\"https:\/\/wgphoto.pl\/t\/wp-content\/uploads\/2024\/10\/0406-18.jpg 1300w, https:\/\/wgphoto.pl\/t\/wp-content\/uploads\/2024\/10\/0406-18-300x200.jpg 300w, https:\/\/wgphoto.pl\/t\/wp-content\/uploads\/2024\/10\/0406-18-768x512.jpg 768w\" sizes=\"auto, (max-width: 1300px) 100vw, 1300px\" \/><\/figure>\n\n\n\n<div class=\"wp-block-group has-global-padding is-layout-constrained wp-block-group-is-layout-constrained\">\n<p>SA102-001 jako poci\u0105g osobowy z Lubawki do Jeleniej G\u00f3ry, ten z s\u0105siedniego zdj\u0119cia, zatrzymuje si\u0119 w Kamiennej G\u00f3rze. 02.05.2004<\/p>\n<\/div>\n","protected":false},"excerpt":{"rendered":"<p>SA102-001 jako poci\u0105g osobowy z Lubawki do Jeleniej G\u00f3ry, ten z s\u0105siedniego zdj\u0119cia, zatrzymuje si\u0119 w Kamiennej G\u00f3rze. 02.05.2004<\/p>\n","protected":false},"author":1,"featured_media":3963,"comment_status":"open","ping_status":"","sticky":false,"template":"","format":"standard","meta":{"footnotes":""},"categories":[62,2,61],"tags":[1711,629,63,27,628,53,627,294],"class_list":["post-3962","post","type-post","status-publish","format-standard","has-post-thumbnail","hentry","category-analog","category-kolej","category-rok-2004","tag-2004-05-02","tag-kamienna-gora","tag-pkp","tag-polska","tag-sa102","tag-sygnalizacja-ksztaltowa","tag-tab-pl247","tag-wiosna"],"_links":{"self":[{"href":"https:\/\/wgphoto.pl\/t\/index.php?rest_route=\/wp\/v2\/posts\/3962","targetHints":{"allow":["GET"]}}],"collection":[{"href":"https:\/\/wgphoto.pl\/t\/index.php?rest_route=\/wp\/v2\/posts"}],"about":[{"href":"https:\/\/wgphoto.pl\/t\/index.php?rest_route=\/wp\/v2\/types\/post"}],"author":[{"embeddable":true,"href":"https:\/\/wgphoto.pl\/t\/index.php?rest_route=\/wp\/v2\/users\/1"}],"replies":[{"embeddable":true,"href":"https:\/\/wgphoto.pl\/t\/index.php?rest_route=%2Fwp%2Fv2%2Fcomments&post=3962"}],"version-history":[{"count":1,"href":"https:\/\/wgphoto.pl\/t\/index.php?rest_route=\/wp\/v2\/posts\/3962\/revisions"}],"predecessor-version":[{"id":3964,"href":"https:\/\/wgphoto.pl\/t\/index.php?rest_route=\/wp\/v2\/posts\/3962\/revisions\/3964"}],"wp:featuredmedia":[{"embeddable":true,"href":"https:\/\/wgphoto.pl\/t\/index.php?rest_route=\/wp\/v2\/media\/3963"}],"wp:attachment":[{"href":"https:\/\/wgphoto.pl\/t\/index.php?rest_route=%2Fwp%2Fv2%2Fmedia&parent=3962"}],"wp:term":[{"taxonomy":"category","embeddable":true,"href":"https:\/\/wgphoto.pl\/t\/index.php?rest_route=%2Fwp%2Fv2%2Fcategories&post=3962"},{"taxonomy":"post_tag","embeddable":true,"href":"https:\/\/wgphoto.pl\/t\/index.php?rest_route=%2Fwp%2Fv2%2Ftags&post=3962"}],"curies":[{"name":"wp","href":"https:\/\/api.w.org\/{rel}","templated":true}]}}