{"id":3965,"date":"2024-10-25T18:51:26","date_gmt":"2024-10-25T16:51:26","guid":{"rendered":"https:\/\/wgphoto.pl\/t\/?p=3965"},"modified":"2024-10-25T18:51:26","modified_gmt":"2024-10-25T16:51:26","slug":"sa102-001-kamienna-gora","status":"publish","type":"post","link":"https:\/\/wgphoto.pl\/t\/?p=3965","title":{"rendered":"SA102-001, Kamienna G\u00f3ra"},"content":{"rendered":"\n<figure class=\"wp-block-image aligncenter size-full\"><img loading=\"lazy\" decoding=\"async\" width=\"1300\" height=\"867\" src=\"https:\/\/wgphoto.pl\/t\/wp-content\/uploads\/2024\/10\/0406-19.jpg\" alt=\"\" class=\"wp-image-3966\" srcset=\"https:\/\/wgphoto.pl\/t\/wp-content\/uploads\/2024\/10\/0406-19.jpg 1300w, https:\/\/wgphoto.pl\/t\/wp-content\/uploads\/2024\/10\/0406-19-300x200.jpg 300w, https:\/\/wgphoto.pl\/t\/wp-content\/uploads\/2024\/10\/0406-19-768x512.jpg 768w\" sizes=\"auto, (max-width: 1300px) 100vw, 1300px\" \/><\/figure>\n\n\n\n<div class=\"wp-block-group has-global-padding is-layout-constrained wp-block-group-is-layout-constrained\">\n<p>Poci\u0105g 7735 z Lubawki do Jeleniej G\u00f3ry z\u0142apany na p\u00f3\u0142nocnej g\u0142owicy stacji w Kamiennej G\u00f3rze, a wraz z nim wszystkie pi\u0119\u0107 semafor\u00f3w wyjazdowych. 02.05.2004<\/p>\n<\/div>\n","protected":false},"excerpt":{"rendered":"<p>Poci\u0105g 7735 z Lubawki do Jeleniej G\u00f3ry z\u0142apany na p\u00f3\u0142nocnej g\u0142owicy stacji w Kamiennej G\u00f3rze, a wraz z nim wszystkie pi\u0119\u0107 semafor\u00f3w wyjazdowych. 02.05.2004<\/p>\n","protected":false},"author":1,"featured_media":3966,"comment_status":"open","ping_status":"","sticky":false,"template":"","format":"standard","meta":{"footnotes":""},"categories":[62,2,61],"tags":[1711,629,173,63,27,628,53,627,294],"class_list":["post-3965","post","type-post","status-publish","format-standard","has-post-thumbnail","hentry","category-analog","category-kolej","category-rok-2004","tag-2004-05-02","tag-kamienna-gora","tag-koncowki","tag-pkp","tag-polska","tag-sa102","tag-sygnalizacja-ksztaltowa","tag-tab-pl247","tag-wiosna"],"_links":{"self":[{"href":"https:\/\/wgphoto.pl\/t\/index.php?rest_route=\/wp\/v2\/posts\/3965","targetHints":{"allow":["GET"]}}],"collection":[{"href":"https:\/\/wgphoto.pl\/t\/index.php?rest_route=\/wp\/v2\/posts"}],"about":[{"href":"https:\/\/wgphoto.pl\/t\/index.php?rest_route=\/wp\/v2\/types\/post"}],"author":[{"embeddable":true,"href":"https:\/\/wgphoto.pl\/t\/index.php?rest_route=\/wp\/v2\/users\/1"}],"replies":[{"embeddable":true,"href":"https:\/\/wgphoto.pl\/t\/index.php?rest_route=%2Fwp%2Fv2%2Fcomments&post=3965"}],"version-history":[{"count":1,"href":"https:\/\/wgphoto.pl\/t\/index.php?rest_route=\/wp\/v2\/posts\/3965\/revisions"}],"predecessor-version":[{"id":3967,"href":"https:\/\/wgphoto.pl\/t\/index.php?rest_route=\/wp\/v2\/posts\/3965\/revisions\/3967"}],"wp:featuredmedia":[{"embeddable":true,"href":"https:\/\/wgphoto.pl\/t\/index.php?rest_route=\/wp\/v2\/media\/3966"}],"wp:attachment":[{"href":"https:\/\/wgphoto.pl\/t\/index.php?rest_route=%2Fwp%2Fv2%2Fmedia&parent=3965"}],"wp:term":[{"taxonomy":"category","embeddable":true,"href":"https:\/\/wgphoto.pl\/t\/index.php?rest_route=%2Fwp%2Fv2%2Fcategories&post=3965"},{"taxonomy":"post_tag","embeddable":true,"href":"https:\/\/wgphoto.pl\/t\/index.php?rest_route=%2Fwp%2Fv2%2Ftags&post=3965"}],"curies":[{"name":"wp","href":"https:\/\/api.w.org\/{rel}","templated":true}]}}