{"id":3974,"date":"2024-10-25T18:54:18","date_gmt":"2024-10-25T16:54:18","guid":{"rendered":"https:\/\/wgphoto.pl\/t\/?p=3974"},"modified":"2024-10-25T18:54:18","modified_gmt":"2024-10-25T16:54:18","slug":"admiralspalast","status":"publish","type":"post","link":"https:\/\/wgphoto.pl\/t\/?p=3974","title":{"rendered":"Admiralspalast"},"content":{"rendered":"\n<figure class=\"wp-block-image aligncenter size-full\"><img loading=\"lazy\" decoding=\"async\" width=\"750\" height=\"1000\" src=\"https:\/\/wgphoto.pl\/t\/wp-content\/uploads\/2024\/10\/IMGP6976.jpg\" alt=\"\" class=\"wp-image-3975\" srcset=\"https:\/\/wgphoto.pl\/t\/wp-content\/uploads\/2024\/10\/IMGP6976.jpg 750w, https:\/\/wgphoto.pl\/t\/wp-content\/uploads\/2024\/10\/IMGP6976-225x300.jpg 225w\" sizes=\"auto, (max-width: 750px) 100vw, 750px\" \/><\/figure>\n\n\n\n<div class=\"wp-block-group has-global-padding is-layout-constrained wp-block-group-is-layout-constrained\">\n<p>Zabrze, ul. Wolno\u015bci. Remont w centrum i jazda lewym torem umo\u017cliwi\u0142y zgrabne skadrowanie tramwaju z okaza\u0142ym budynkiem dawnego Hotelu Admiralspalast. 16.11.2019<\/p>\n<\/div>\n","protected":false},"excerpt":{"rendered":"<p>Zabrze, ul. Wolno\u015bci. Remont w centrum i jazda lewym torem umo\u017cliwi\u0142y zgrabne skadrowanie tramwaju z okaza\u0142ym budynkiem dawnego Hotelu Admiralspalast. 16.11.2019<\/p>\n","protected":false},"author":1,"featured_media":3975,"comment_status":"open","ping_status":"","sticky":false,"template":"","format":"standard","meta":{"footnotes":""},"categories":[128,136,3],"tags":[155,1558,34,277,546,27,279,1021],"class_list":["post-3974","post","type-post","status-publish","format-standard","has-post-thumbnail","hentry","category-pionowe","category-rok-2019","category-tramwaj","tag-105na","tag-2019-11-16","tag-architektura","tag-gop","tag-moderus-alfa","tag-polska","tag-tramwaje-slaskie","tag-zabrze"],"_links":{"self":[{"href":"https:\/\/wgphoto.pl\/t\/index.php?rest_route=\/wp\/v2\/posts\/3974","targetHints":{"allow":["GET"]}}],"collection":[{"href":"https:\/\/wgphoto.pl\/t\/index.php?rest_route=\/wp\/v2\/posts"}],"about":[{"href":"https:\/\/wgphoto.pl\/t\/index.php?rest_route=\/wp\/v2\/types\/post"}],"author":[{"embeddable":true,"href":"https:\/\/wgphoto.pl\/t\/index.php?rest_route=\/wp\/v2\/users\/1"}],"replies":[{"embeddable":true,"href":"https:\/\/wgphoto.pl\/t\/index.php?rest_route=%2Fwp%2Fv2%2Fcomments&post=3974"}],"version-history":[{"count":1,"href":"https:\/\/wgphoto.pl\/t\/index.php?rest_route=\/wp\/v2\/posts\/3974\/revisions"}],"predecessor-version":[{"id":3976,"href":"https:\/\/wgphoto.pl\/t\/index.php?rest_route=\/wp\/v2\/posts\/3974\/revisions\/3976"}],"wp:featuredmedia":[{"embeddable":true,"href":"https:\/\/wgphoto.pl\/t\/index.php?rest_route=\/wp\/v2\/media\/3975"}],"wp:attachment":[{"href":"https:\/\/wgphoto.pl\/t\/index.php?rest_route=%2Fwp%2Fv2%2Fmedia&parent=3974"}],"wp:term":[{"taxonomy":"category","embeddable":true,"href":"https:\/\/wgphoto.pl\/t\/index.php?rest_route=%2Fwp%2Fv2%2Fcategories&post=3974"},{"taxonomy":"post_tag","embeddable":true,"href":"https:\/\/wgphoto.pl\/t\/index.php?rest_route=%2Fwp%2Fv2%2Ftags&post=3974"}],"curies":[{"name":"wp","href":"https:\/\/api.w.org\/{rel}","templated":true}]}}