{"id":3989,"date":"2024-10-25T23:01:12","date_gmt":"2024-10-25T21:01:12","guid":{"rendered":"https:\/\/wgphoto.pl\/t\/?p=3989"},"modified":"2025-01-31T20:41:01","modified_gmt":"2025-01-31T19:41:01","slug":"na-dobry-poczatek-majowki","status":"publish","type":"post","link":"https:\/\/wgphoto.pl\/t\/?p=3989","title":{"rendered":"Na dobry pocz\u0105tek maj\u00f3wki"},"content":{"rendered":"\n<figure class=\"wp-block-image aligncenter size-full\"><img loading=\"lazy\" decoding=\"async\" width=\"1300\" height=\"861\" src=\"https:\/\/wgphoto.pl\/t\/wp-content\/uploads\/2024\/10\/IMGP4078.jpg\" alt=\"\" class=\"wp-image-3990\" srcset=\"https:\/\/wgphoto.pl\/t\/wp-content\/uploads\/2024\/10\/IMGP4078.jpg 1300w, https:\/\/wgphoto.pl\/t\/wp-content\/uploads\/2024\/10\/IMGP4078-300x199.jpg 300w, https:\/\/wgphoto.pl\/t\/wp-content\/uploads\/2024\/10\/IMGP4078-768x509.jpg 768w\" sizes=\"auto, (max-width: 1300px) 100vw, 1300px\" \/><\/figure>\n\n\n\n<div class=\"wp-block-group has-global-padding is-layout-constrained wp-block-group-is-layout-constrained\">\n<p>Wroc\u0142aw, ul. Jedno\u015bci Narodowej. Nie wiedzia\u0142em nawet, \u017ce mam takie foto i \u017ce uda si\u0119 z niego co\u015b wyci\u0105gn\u0105\u0107. Nie wiedzia\u0142em, bo tego dnia powsta\u0142o wiele innych zdj\u0119\u0107 spod tagu maj\u00f3wkowego. 30.04.2016<\/p>\n<\/div>\n","protected":false},"excerpt":{"rendered":"<p>Wroc\u0142aw, ul. Jedno\u015bci Narodowej. Nie wiedzia\u0142em nawet, \u017ce mam takie foto i \u017ce uda si\u0119 z niego co\u015b wyci\u0105gn\u0105\u0107. Nie wiedzia\u0142em, bo tego dnia powsta\u0142o wiele innych zdj\u0119\u0107 spod tagu maj\u00f3wkowego. 30.04.2016<\/p>\n","protected":false},"author":1,"featured_media":3990,"comment_status":"open","ping_status":"","sticky":false,"template":"","format":"standard","meta":{"footnotes":""},"categories":[125,3],"tags":[43,1532,635,42,1186,27,176,181,41],"class_list":["post-3989","post","type-post","status-publish","format-standard","has-post-thumbnail","hentry","category-rok-2016","category-tramwaj","tag-105nwr","tag-2016-04-30","tag-majowka-2016","tag-mpk-wroclaw","tag-na-wsiadanego","tag-polska","tag-rano","tag-slonce","tag-wroclaw"],"_links":{"self":[{"href":"https:\/\/wgphoto.pl\/t\/index.php?rest_route=\/wp\/v2\/posts\/3989","targetHints":{"allow":["GET"]}}],"collection":[{"href":"https:\/\/wgphoto.pl\/t\/index.php?rest_route=\/wp\/v2\/posts"}],"about":[{"href":"https:\/\/wgphoto.pl\/t\/index.php?rest_route=\/wp\/v2\/types\/post"}],"author":[{"embeddable":true,"href":"https:\/\/wgphoto.pl\/t\/index.php?rest_route=\/wp\/v2\/users\/1"}],"replies":[{"embeddable":true,"href":"https:\/\/wgphoto.pl\/t\/index.php?rest_route=%2Fwp%2Fv2%2Fcomments&post=3989"}],"version-history":[{"count":1,"href":"https:\/\/wgphoto.pl\/t\/index.php?rest_route=\/wp\/v2\/posts\/3989\/revisions"}],"predecessor-version":[{"id":3991,"href":"https:\/\/wgphoto.pl\/t\/index.php?rest_route=\/wp\/v2\/posts\/3989\/revisions\/3991"}],"wp:featuredmedia":[{"embeddable":true,"href":"https:\/\/wgphoto.pl\/t\/index.php?rest_route=\/wp\/v2\/media\/3990"}],"wp:attachment":[{"href":"https:\/\/wgphoto.pl\/t\/index.php?rest_route=%2Fwp%2Fv2%2Fmedia&parent=3989"}],"wp:term":[{"taxonomy":"category","embeddable":true,"href":"https:\/\/wgphoto.pl\/t\/index.php?rest_route=%2Fwp%2Fv2%2Fcategories&post=3989"},{"taxonomy":"post_tag","embeddable":true,"href":"https:\/\/wgphoto.pl\/t\/index.php?rest_route=%2Fwp%2Fv2%2Ftags&post=3989"}],"curies":[{"name":"wp","href":"https:\/\/api.w.org\/{rel}","templated":true}]}}