{"id":3995,"date":"2024-10-25T23:03:56","date_gmt":"2024-10-25T21:03:56","guid":{"rendered":"https:\/\/wgphoto.pl\/t\/?p=3995"},"modified":"2024-10-25T23:03:56","modified_gmt":"2024-10-25T21:03:56","slug":"nauka-jazdy-miedzy-zajezdniami","status":"publish","type":"post","link":"https:\/\/wgphoto.pl\/t\/?p=3995","title":{"rendered":"Nauka jazdy mi\u0119dzy zajezdniami"},"content":{"rendered":"\n<figure class=\"wp-block-image aligncenter size-full\"><img loading=\"lazy\" decoding=\"async\" width=\"1200\" height=\"800\" src=\"https:\/\/wgphoto.pl\/t\/wp-content\/uploads\/2024\/10\/DSCF6881.jpg\" alt=\"\" class=\"wp-image-3996\" srcset=\"https:\/\/wgphoto.pl\/t\/wp-content\/uploads\/2024\/10\/DSCF6881.jpg 1200w, https:\/\/wgphoto.pl\/t\/wp-content\/uploads\/2024\/10\/DSCF6881-300x200.jpg 300w, https:\/\/wgphoto.pl\/t\/wp-content\/uploads\/2024\/10\/DSCF6881-768x512.jpg 768w\" sizes=\"auto, (max-width: 1200px) 100vw, 1200px\" \/><\/figure>\n\n\n\n<div class=\"wp-block-group has-global-padding is-layout-constrained wp-block-group-is-layout-constrained\">\n<p>Nauka jazdy 2222+2223 na torze \u0142\u0105cz\u0105cym zajezdnie nr II i III we Wroc\u0142awiu. Obecnie w to miejsce si\u0119ga zajezdnia O\u0142bin, a uk\u0142ad torowy uleg\u0142 modyfikacji. 06.05.2008<\/p>\n<\/div>\n","protected":false},"excerpt":{"rendered":"<p>Nauka jazdy 2222+2223 na torze \u0142\u0105cz\u0105cym zajezdnie nr II i III we Wroc\u0142awiu. Obecnie w to miejsce si\u0119ga zajezdnia O\u0142bin, a uk\u0142ad torowy uleg\u0142 modyfikacji. 06.05.2008<\/p>\n","protected":false},"author":1,"featured_media":3996,"comment_status":"open","ping_status":"","sticky":false,"template":"","format":"standard","meta":{"footnotes":""},"categories":[120,3],"tags":[155,1718,42,1719,27,439,41,138],"class_list":["post-3995","post","type-post","status-publish","format-standard","has-post-thumbnail","hentry","category-rok-2008","category-tramwaj","tag-105na","tag-2008-05-06","tag-mpk-wroclaw","tag-nauka-jazdy","tag-polska","tag-we-fabryce","tag-wroclaw","tag-zajezdnia"],"_links":{"self":[{"href":"https:\/\/wgphoto.pl\/t\/index.php?rest_route=\/wp\/v2\/posts\/3995","targetHints":{"allow":["GET"]}}],"collection":[{"href":"https:\/\/wgphoto.pl\/t\/index.php?rest_route=\/wp\/v2\/posts"}],"about":[{"href":"https:\/\/wgphoto.pl\/t\/index.php?rest_route=\/wp\/v2\/types\/post"}],"author":[{"embeddable":true,"href":"https:\/\/wgphoto.pl\/t\/index.php?rest_route=\/wp\/v2\/users\/1"}],"replies":[{"embeddable":true,"href":"https:\/\/wgphoto.pl\/t\/index.php?rest_route=%2Fwp%2Fv2%2Fcomments&post=3995"}],"version-history":[{"count":1,"href":"https:\/\/wgphoto.pl\/t\/index.php?rest_route=\/wp\/v2\/posts\/3995\/revisions"}],"predecessor-version":[{"id":3997,"href":"https:\/\/wgphoto.pl\/t\/index.php?rest_route=\/wp\/v2\/posts\/3995\/revisions\/3997"}],"wp:featuredmedia":[{"embeddable":true,"href":"https:\/\/wgphoto.pl\/t\/index.php?rest_route=\/wp\/v2\/media\/3996"}],"wp:attachment":[{"href":"https:\/\/wgphoto.pl\/t\/index.php?rest_route=%2Fwp%2Fv2%2Fmedia&parent=3995"}],"wp:term":[{"taxonomy":"category","embeddable":true,"href":"https:\/\/wgphoto.pl\/t\/index.php?rest_route=%2Fwp%2Fv2%2Fcategories&post=3995"},{"taxonomy":"post_tag","embeddable":true,"href":"https:\/\/wgphoto.pl\/t\/index.php?rest_route=%2Fwp%2Fv2%2Ftags&post=3995"}],"curies":[{"name":"wp","href":"https:\/\/api.w.org\/{rel}","templated":true}]}}