{"id":4014,"date":"2024-10-28T16:08:11","date_gmt":"2024-10-28T15:08:11","guid":{"rendered":"https:\/\/wgphoto.pl\/t\/?p=4014"},"modified":"2024-10-28T16:08:11","modified_gmt":"2024-10-28T15:08:11","slug":"102na-2044","status":"publish","type":"post","link":"https:\/\/wgphoto.pl\/t\/?p=4014","title":{"rendered":"102Na 2044"},"content":{"rendered":"\n<figure class=\"wp-block-image aligncenter size-full\"><img loading=\"lazy\" decoding=\"async\" width=\"1300\" height=\"867\" src=\"https:\/\/wgphoto.pl\/t\/wp-content\/uploads\/2024\/10\/0305-04.jpg\" alt=\"\" class=\"wp-image-4015\" srcset=\"https:\/\/wgphoto.pl\/t\/wp-content\/uploads\/2024\/10\/0305-04.jpg 1300w, https:\/\/wgphoto.pl\/t\/wp-content\/uploads\/2024\/10\/0305-04-300x200.jpg 300w, https:\/\/wgphoto.pl\/t\/wp-content\/uploads\/2024\/10\/0305-04-768x512.jpg 768w\" sizes=\"auto, (max-width: 1300px) 100vw, 1300px\" \/><\/figure>\n\n\n\n<div class=\"wp-block-group has-global-padding is-layout-constrained wp-block-group-is-layout-constrained\">\n<p>Wroc\u0142aw, ul. Osobowicka. Wtedy jeszcze ten rejon miasta by\u0142 spokojnym zak\u0105tkiem bez tranzytu samochodowego, ale w miejscu dawnych ogr\u00f3dk\u00f3w dzia\u0142kowych w tle ju\u017c rozpocz\u0119\u0142a si\u0119 budowa nowego mostu przez Odr\u0119, kt\u00f3ry za kilka lat otworzy Osobowice na \u015bwiat. 22.02.2003<\/p>\n<\/div>\n","protected":false},"excerpt":{"rendered":"<p>Wroc\u0142aw, ul. Osobowicka. Wtedy jeszcze ten rejon miasta by\u0142 spokojnym zak\u0105tkiem bez tranzytu samochodowego, ale w miejscu dawnych ogr\u00f3dk\u00f3w dzia\u0142kowych w tle ju\u017c rozpocz\u0119\u0142a si\u0119 budowa nowego mostu przez Odr\u0119, kt\u00f3ry za kilka lat otworzy Osobowice na \u015bwiat. 22.02.2003<\/p>\n","protected":false},"author":1,"featured_media":4015,"comment_status":"open","ping_status":"","sticky":false,"template":"","format":"standard","meta":{"footnotes":""},"categories":[62,149,3],"tags":[1566,745,309,42,27,41],"class_list":["post-4014","post","type-post","status-publish","format-standard","has-post-thumbnail","hentry","category-analog","category-rok-2003","category-tramwaj","tag-2003-02-22","tag-budowa","tag-konstal-102na","tag-mpk-wroclaw","tag-polska","tag-wroclaw"],"_links":{"self":[{"href":"https:\/\/wgphoto.pl\/t\/index.php?rest_route=\/wp\/v2\/posts\/4014","targetHints":{"allow":["GET"]}}],"collection":[{"href":"https:\/\/wgphoto.pl\/t\/index.php?rest_route=\/wp\/v2\/posts"}],"about":[{"href":"https:\/\/wgphoto.pl\/t\/index.php?rest_route=\/wp\/v2\/types\/post"}],"author":[{"embeddable":true,"href":"https:\/\/wgphoto.pl\/t\/index.php?rest_route=\/wp\/v2\/users\/1"}],"replies":[{"embeddable":true,"href":"https:\/\/wgphoto.pl\/t\/index.php?rest_route=%2Fwp%2Fv2%2Fcomments&post=4014"}],"version-history":[{"count":1,"href":"https:\/\/wgphoto.pl\/t\/index.php?rest_route=\/wp\/v2\/posts\/4014\/revisions"}],"predecessor-version":[{"id":4016,"href":"https:\/\/wgphoto.pl\/t\/index.php?rest_route=\/wp\/v2\/posts\/4014\/revisions\/4016"}],"wp:featuredmedia":[{"embeddable":true,"href":"https:\/\/wgphoto.pl\/t\/index.php?rest_route=\/wp\/v2\/media\/4015"}],"wp:attachment":[{"href":"https:\/\/wgphoto.pl\/t\/index.php?rest_route=%2Fwp%2Fv2%2Fmedia&parent=4014"}],"wp:term":[{"taxonomy":"category","embeddable":true,"href":"https:\/\/wgphoto.pl\/t\/index.php?rest_route=%2Fwp%2Fv2%2Fcategories&post=4014"},{"taxonomy":"post_tag","embeddable":true,"href":"https:\/\/wgphoto.pl\/t\/index.php?rest_route=%2Fwp%2Fv2%2Ftags&post=4014"}],"curies":[{"name":"wp","href":"https:\/\/api.w.org\/{rel}","templated":true}]}}