{"id":4017,"date":"2024-10-28T16:09:06","date_gmt":"2024-10-28T15:09:06","guid":{"rendered":"https:\/\/wgphoto.pl\/t\/?p=4017"},"modified":"2024-10-28T16:09:06","modified_gmt":"2024-10-28T15:09:06","slug":"105na-23382337","status":"publish","type":"post","link":"https:\/\/wgphoto.pl\/t\/?p=4017","title":{"rendered":"105Na 2338+2337"},"content":{"rendered":"\n<figure class=\"wp-block-image aligncenter size-full\"><img loading=\"lazy\" decoding=\"async\" width=\"1300\" height=\"867\" src=\"https:\/\/wgphoto.pl\/t\/wp-content\/uploads\/2024\/10\/0305-19.jpg\" alt=\"\" class=\"wp-image-4018\" srcset=\"https:\/\/wgphoto.pl\/t\/wp-content\/uploads\/2024\/10\/0305-19.jpg 1300w, https:\/\/wgphoto.pl\/t\/wp-content\/uploads\/2024\/10\/0305-19-300x200.jpg 300w, https:\/\/wgphoto.pl\/t\/wp-content\/uploads\/2024\/10\/0305-19-768x512.jpg 768w\" sizes=\"auto, (max-width: 1300px) 100vw, 1300px\" \/><\/figure>\n\n\n\n<div class=\"wp-block-group has-global-padding is-layout-constrained wp-block-group-is-layout-constrained\">\n<p>Wroc\u0142aw, ul. Lotnicza. Ta okolica r\u00f3wnie\u017c si\u0119 bardzo zmieni\u0142a. Po krzakach i drzewach nie ma \u015bladu, ulica wzbogaci\u0142a si\u0119 o drug\u0105 jezdni\u0119, a torowisko przebiega po\u015brodku drogi, dzi\u0119ki czemu fotografowanie tramwaj\u00f3w nie jest tu raczej przyjemne. 25.02.2003<\/p>\n<\/div>\n","protected":false},"excerpt":{"rendered":"<p>Wroc\u0142aw, ul. Lotnicza. Ta okolica r\u00f3wnie\u017c si\u0119 bardzo zmieni\u0142a. Po krzakach i drzewach nie ma \u015bladu, ulica wzbogaci\u0142a si\u0119 o drug\u0105 jezdni\u0119, a torowisko przebiega po\u015brodku drogi, dzi\u0119ki czemu fotografowanie tramwaj\u00f3w nie jest tu raczej przyjemne. 25.02.2003<\/p>\n","protected":false},"author":1,"featured_media":4018,"comment_status":"open","ping_status":"","sticky":false,"template":"","format":"standard","meta":{"footnotes":""},"categories":[62,149,3],"tags":[155,1724,42,27,41],"class_list":["post-4017","post","type-post","status-publish","format-standard","has-post-thumbnail","hentry","category-analog","category-rok-2003","category-tramwaj","tag-105na","tag-2003-02-25","tag-mpk-wroclaw","tag-polska","tag-wroclaw"],"_links":{"self":[{"href":"https:\/\/wgphoto.pl\/t\/index.php?rest_route=\/wp\/v2\/posts\/4017","targetHints":{"allow":["GET"]}}],"collection":[{"href":"https:\/\/wgphoto.pl\/t\/index.php?rest_route=\/wp\/v2\/posts"}],"about":[{"href":"https:\/\/wgphoto.pl\/t\/index.php?rest_route=\/wp\/v2\/types\/post"}],"author":[{"embeddable":true,"href":"https:\/\/wgphoto.pl\/t\/index.php?rest_route=\/wp\/v2\/users\/1"}],"replies":[{"embeddable":true,"href":"https:\/\/wgphoto.pl\/t\/index.php?rest_route=%2Fwp%2Fv2%2Fcomments&post=4017"}],"version-history":[{"count":1,"href":"https:\/\/wgphoto.pl\/t\/index.php?rest_route=\/wp\/v2\/posts\/4017\/revisions"}],"predecessor-version":[{"id":4019,"href":"https:\/\/wgphoto.pl\/t\/index.php?rest_route=\/wp\/v2\/posts\/4017\/revisions\/4019"}],"wp:featuredmedia":[{"embeddable":true,"href":"https:\/\/wgphoto.pl\/t\/index.php?rest_route=\/wp\/v2\/media\/4018"}],"wp:attachment":[{"href":"https:\/\/wgphoto.pl\/t\/index.php?rest_route=%2Fwp%2Fv2%2Fmedia&parent=4017"}],"wp:term":[{"taxonomy":"category","embeddable":true,"href":"https:\/\/wgphoto.pl\/t\/index.php?rest_route=%2Fwp%2Fv2%2Fcategories&post=4017"},{"taxonomy":"post_tag","embeddable":true,"href":"https:\/\/wgphoto.pl\/t\/index.php?rest_route=%2Fwp%2Fv2%2Ftags&post=4017"}],"curies":[{"name":"wp","href":"https:\/\/api.w.org\/{rel}","templated":true}]}}