{"id":4023,"date":"2024-10-28T16:11:09","date_gmt":"2024-10-28T15:11:09","guid":{"rendered":"https:\/\/wgphoto.pl\/t\/?p=4023"},"modified":"2024-10-28T16:11:09","modified_gmt":"2024-10-28T15:11:09","slug":"sztuka-siegnela-bruku","status":"publish","type":"post","link":"https:\/\/wgphoto.pl\/t\/?p=4023","title":{"rendered":"Sztuka si\u0119gn\u0119\u0142a bruku"},"content":{"rendered":"\n<figure class=\"wp-block-image aligncenter size-full\"><img loading=\"lazy\" decoding=\"async\" width=\"1300\" height=\"861\" src=\"https:\/\/wgphoto.pl\/t\/wp-content\/uploads\/2024\/10\/IMGP4869.jpg\" alt=\"\" class=\"wp-image-4024\" srcset=\"https:\/\/wgphoto.pl\/t\/wp-content\/uploads\/2024\/10\/IMGP4869.jpg 1300w, https:\/\/wgphoto.pl\/t\/wp-content\/uploads\/2024\/10\/IMGP4869-300x199.jpg 300w, https:\/\/wgphoto.pl\/t\/wp-content\/uploads\/2024\/10\/IMGP4869-768x509.jpg 768w\" sizes=\"auto, (max-width: 1300px) 100vw, 1300px\" \/><\/figure>\n\n\n\n<div class=\"wp-block-group has-global-padding is-layout-constrained wp-block-group-is-layout-constrained\">\n<p>Jedyna spotkana przeze mnie w Koszycach Tatra w takim malowaniu jedzie pod estakad\u0105 drogi ekspresowej, tu\u017c po starcie z przystanku o kryptonimie <em>VSS, kri\u017eovatka<\/em>. Jako\u015b spodoba\u0142 mi si\u0119 ten motyw z jazd\u0105 pomi\u0119dzy filarami. 16.08.2019<\/p>\n<\/div>\n","protected":false},"excerpt":{"rendered":"<p>Jedyna spotkana przeze mnie w Koszycach Tatra w takim malowaniu jedzie pod estakad\u0105 drogi ekspresowej, tu\u017c po starcie z przystanku o kryptonimie VSS, kri\u017eovatka. Jako\u015b spodoba\u0142 mi si\u0119 ten motyw z jazd\u0105 pomi\u0119dzy filarami. 16.08.2019<\/p>\n","protected":false},"author":1,"featured_media":4024,"comment_status":"open","ping_status":"","sticky":false,"template":"","format":"standard","meta":{"footnotes":""},"categories":[136,3],"tags":[1357,1359,1358,905,1168,675,1075],"class_list":["post-4023","post","type-post","status-publish","format-standard","has-post-thumbnail","hentry","category-rok-2019","category-tramwaj","tag-2019-08-16","tag-dpmk-kosice","tag-koszyce","tag-przez","tag-sierpniowka-2019","tag-slowacja","tag-tatra-kt8"],"_links":{"self":[{"href":"https:\/\/wgphoto.pl\/t\/index.php?rest_route=\/wp\/v2\/posts\/4023","targetHints":{"allow":["GET"]}}],"collection":[{"href":"https:\/\/wgphoto.pl\/t\/index.php?rest_route=\/wp\/v2\/posts"}],"about":[{"href":"https:\/\/wgphoto.pl\/t\/index.php?rest_route=\/wp\/v2\/types\/post"}],"author":[{"embeddable":true,"href":"https:\/\/wgphoto.pl\/t\/index.php?rest_route=\/wp\/v2\/users\/1"}],"replies":[{"embeddable":true,"href":"https:\/\/wgphoto.pl\/t\/index.php?rest_route=%2Fwp%2Fv2%2Fcomments&post=4023"}],"version-history":[{"count":1,"href":"https:\/\/wgphoto.pl\/t\/index.php?rest_route=\/wp\/v2\/posts\/4023\/revisions"}],"predecessor-version":[{"id":4025,"href":"https:\/\/wgphoto.pl\/t\/index.php?rest_route=\/wp\/v2\/posts\/4023\/revisions\/4025"}],"wp:featuredmedia":[{"embeddable":true,"href":"https:\/\/wgphoto.pl\/t\/index.php?rest_route=\/wp\/v2\/media\/4024"}],"wp:attachment":[{"href":"https:\/\/wgphoto.pl\/t\/index.php?rest_route=%2Fwp%2Fv2%2Fmedia&parent=4023"}],"wp:term":[{"taxonomy":"category","embeddable":true,"href":"https:\/\/wgphoto.pl\/t\/index.php?rest_route=%2Fwp%2Fv2%2Fcategories&post=4023"},{"taxonomy":"post_tag","embeddable":true,"href":"https:\/\/wgphoto.pl\/t\/index.php?rest_route=%2Fwp%2Fv2%2Ftags&post=4023"}],"curies":[{"name":"wp","href":"https:\/\/api.w.org\/{rel}","templated":true}]}}