{"id":4032,"date":"2024-10-28T16:14:08","date_gmt":"2024-10-28T15:14:08","guid":{"rendered":"https:\/\/wgphoto.pl\/t\/?p=4032"},"modified":"2024-10-28T16:14:08","modified_gmt":"2024-10-28T15:14:08","slug":"et41-091-na-uciagu","status":"publish","type":"post","link":"https:\/\/wgphoto.pl\/t\/?p=4032","title":{"rendered":"ET41-091 na uci\u0105gu"},"content":{"rendered":"\n<figure class=\"wp-block-image aligncenter size-full\"><img loading=\"lazy\" decoding=\"async\" width=\"1300\" height=\"867\" src=\"https:\/\/wgphoto.pl\/t\/wp-content\/uploads\/2024\/10\/2002n-07a.jpg\" alt=\"\" class=\"wp-image-4033\" srcset=\"https:\/\/wgphoto.pl\/t\/wp-content\/uploads\/2024\/10\/2002n-07a.jpg 1300w, https:\/\/wgphoto.pl\/t\/wp-content\/uploads\/2024\/10\/2002n-07a-300x200.jpg 300w, https:\/\/wgphoto.pl\/t\/wp-content\/uploads\/2024\/10\/2002n-07a-768x512.jpg 768w\" sizes=\"auto, (max-width: 1300px) 100vw, 1300px\" \/><\/figure>\n\n\n\n<div class=\"wp-block-group has-global-padding is-layout-constrained wp-block-group-is-layout-constrained\">\n<p>Pachn\u0105cy latem kadr z kryniczanki. Tytu\u0142owa maszyna ze sk\u0142adem, kt\u00f3rego ko\u0144ca nie wida\u0107, zbli\u017ca si\u0119 do Str\u00f3\u017c jad\u0105c szlakiem z Grybowa. 25.06.2002<\/p>\n<\/div>\n","protected":false},"excerpt":{"rendered":"<p>Pachn\u0105cy latem kadr z kryniczanki. Tytu\u0142owa maszyna ze sk\u0142adem, kt\u00f3rego ko\u0144ca nie wida\u0107, zbli\u017ca si\u0119 do Str\u00f3\u017c jad\u0105c szlakiem z Grybowa. 25.06.2002<\/p>\n","protected":false},"author":1,"featured_media":4033,"comment_status":"open","ping_status":"","sticky":false,"template":"","format":"standard","meta":{"footnotes":""},"categories":[62,2,577],"tags":[873,259,1076,113,63,27,1271,261],"class_list":["post-4032","post","type-post","status-publish","format-standard","has-post-thumbnail","hentry","category-analog","category-kolej","category-rok-2002","tag-2002-06-25","tag-et41","tag-grybow","tag-landszaft","tag-pkp","tag-polska","tag-stroze","tag-tab-pl130"],"_links":{"self":[{"href":"https:\/\/wgphoto.pl\/t\/index.php?rest_route=\/wp\/v2\/posts\/4032","targetHints":{"allow":["GET"]}}],"collection":[{"href":"https:\/\/wgphoto.pl\/t\/index.php?rest_route=\/wp\/v2\/posts"}],"about":[{"href":"https:\/\/wgphoto.pl\/t\/index.php?rest_route=\/wp\/v2\/types\/post"}],"author":[{"embeddable":true,"href":"https:\/\/wgphoto.pl\/t\/index.php?rest_route=\/wp\/v2\/users\/1"}],"replies":[{"embeddable":true,"href":"https:\/\/wgphoto.pl\/t\/index.php?rest_route=%2Fwp%2Fv2%2Fcomments&post=4032"}],"version-history":[{"count":1,"href":"https:\/\/wgphoto.pl\/t\/index.php?rest_route=\/wp\/v2\/posts\/4032\/revisions"}],"predecessor-version":[{"id":4034,"href":"https:\/\/wgphoto.pl\/t\/index.php?rest_route=\/wp\/v2\/posts\/4032\/revisions\/4034"}],"wp:featuredmedia":[{"embeddable":true,"href":"https:\/\/wgphoto.pl\/t\/index.php?rest_route=\/wp\/v2\/media\/4033"}],"wp:attachment":[{"href":"https:\/\/wgphoto.pl\/t\/index.php?rest_route=%2Fwp%2Fv2%2Fmedia&parent=4032"}],"wp:term":[{"taxonomy":"category","embeddable":true,"href":"https:\/\/wgphoto.pl\/t\/index.php?rest_route=%2Fwp%2Fv2%2Fcategories&post=4032"},{"taxonomy":"post_tag","embeddable":true,"href":"https:\/\/wgphoto.pl\/t\/index.php?rest_route=%2Fwp%2Fv2%2Ftags&post=4032"}],"curies":[{"name":"wp","href":"https:\/\/api.w.org\/{rel}","templated":true}]}}