{"id":4035,"date":"2024-10-28T16:15:06","date_gmt":"2024-10-28T15:15:06","guid":{"rendered":"https:\/\/wgphoto.pl\/t\/?p=4035"},"modified":"2024-10-28T16:15:06","modified_gmt":"2024-10-28T15:15:06","slug":"wiosna-w-bytomiu-odrzanskim","status":"publish","type":"post","link":"https:\/\/wgphoto.pl\/t\/?p=4035","title":{"rendered":"Wiosna w Bytomiu Odrza\u0144skim"},"content":{"rendered":"\n<figure class=\"wp-block-image aligncenter size-full\"><img loading=\"lazy\" decoding=\"async\" width=\"1300\" height=\"867\" src=\"https:\/\/wgphoto.pl\/t\/wp-content\/uploads\/2024\/10\/0708-17.jpg\" alt=\"\" class=\"wp-image-4036\" srcset=\"https:\/\/wgphoto.pl\/t\/wp-content\/uploads\/2024\/10\/0708-17.jpg 1300w, https:\/\/wgphoto.pl\/t\/wp-content\/uploads\/2024\/10\/0708-17-300x200.jpg 300w, https:\/\/wgphoto.pl\/t\/wp-content\/uploads\/2024\/10\/0708-17-768x512.jpg 768w\" sizes=\"auto, (max-width: 1300px) 100vw, 1300px\" \/><\/figure>\n\n\n\n<div class=\"wp-block-group has-global-padding is-layout-constrained wp-block-group-is-layout-constrained\">\n<p>EN57-2015 jako poci\u0105g osobowy 7640 z Zielonej G\u00f3ry do Wroc\u0142awia zatrzyma\u0142 si\u0119 na chwil\u0119 w Bytomiu Odrza\u0144skim. 22.04.2007<\/p>\n<\/div>\n","protected":false},"excerpt":{"rendered":"<p>EN57-2015 jako poci\u0105g osobowy 7640 z Zielonej G\u00f3ry do Wroc\u0142awia zatrzyma\u0142 si\u0119 na chwil\u0119 w Bytomiu Odrza\u0144skim. 22.04.2007<\/p>\n","protected":false},"author":1,"featured_media":4036,"comment_status":"open","ping_status":"","sticky":false,"template":"","format":"standard","meta":{"footnotes":""},"categories":[62,2,96],"tags":[1728,1727,132,1025,63,27,1071,294],"class_list":["post-4035","post","type-post","status-publish","format-standard","has-post-thumbnail","hentry","category-analog","category-kolej","category-rok-2007","tag-2007-04-22","tag-bytom-odrzanski","tag-en57","tag-nadodrzanka","tag-pkp","tag-polska","tag-tab-pl355","tag-wiosna"],"_links":{"self":[{"href":"https:\/\/wgphoto.pl\/t\/index.php?rest_route=\/wp\/v2\/posts\/4035","targetHints":{"allow":["GET"]}}],"collection":[{"href":"https:\/\/wgphoto.pl\/t\/index.php?rest_route=\/wp\/v2\/posts"}],"about":[{"href":"https:\/\/wgphoto.pl\/t\/index.php?rest_route=\/wp\/v2\/types\/post"}],"author":[{"embeddable":true,"href":"https:\/\/wgphoto.pl\/t\/index.php?rest_route=\/wp\/v2\/users\/1"}],"replies":[{"embeddable":true,"href":"https:\/\/wgphoto.pl\/t\/index.php?rest_route=%2Fwp%2Fv2%2Fcomments&post=4035"}],"version-history":[{"count":1,"href":"https:\/\/wgphoto.pl\/t\/index.php?rest_route=\/wp\/v2\/posts\/4035\/revisions"}],"predecessor-version":[{"id":4037,"href":"https:\/\/wgphoto.pl\/t\/index.php?rest_route=\/wp\/v2\/posts\/4035\/revisions\/4037"}],"wp:featuredmedia":[{"embeddable":true,"href":"https:\/\/wgphoto.pl\/t\/index.php?rest_route=\/wp\/v2\/media\/4036"}],"wp:attachment":[{"href":"https:\/\/wgphoto.pl\/t\/index.php?rest_route=%2Fwp%2Fv2%2Fmedia&parent=4035"}],"wp:term":[{"taxonomy":"category","embeddable":true,"href":"https:\/\/wgphoto.pl\/t\/index.php?rest_route=%2Fwp%2Fv2%2Fcategories&post=4035"},{"taxonomy":"post_tag","embeddable":true,"href":"https:\/\/wgphoto.pl\/t\/index.php?rest_route=%2Fwp%2Fv2%2Ftags&post=4035"}],"curies":[{"name":"wp","href":"https:\/\/api.w.org\/{rel}","templated":true}]}}