{"id":4053,"date":"2024-10-28T16:22:20","date_gmt":"2024-10-28T15:22:20","guid":{"rendered":"https:\/\/wgphoto.pl\/t\/?p=4053"},"modified":"2024-10-28T16:22:20","modified_gmt":"2024-10-28T15:22:20","slug":"dobre-rano","status":"publish","type":"post","link":"https:\/\/wgphoto.pl\/t\/?p=4053","title":{"rendered":"Dobr\u00e9 r\u00e1no!"},"content":{"rendered":"\n<figure class=\"wp-block-image aligncenter size-full\"><img loading=\"lazy\" decoding=\"async\" width=\"1300\" height=\"870\" src=\"https:\/\/wgphoto.pl\/t\/wp-content\/uploads\/2024\/10\/IMGP4525.jpg\" alt=\"\" class=\"wp-image-4054\" srcset=\"https:\/\/wgphoto.pl\/t\/wp-content\/uploads\/2024\/10\/IMGP4525.jpg 1300w, https:\/\/wgphoto.pl\/t\/wp-content\/uploads\/2024\/10\/IMGP4525-300x201.jpg 300w, https:\/\/wgphoto.pl\/t\/wp-content\/uploads\/2024\/10\/IMGP4525-768x514.jpg 768w\" sizes=\"auto, (max-width: 1300px) 100vw, 1300px\" \/><\/figure>\n\n\n\n<div class=\"wp-block-group has-global-padding is-layout-constrained wp-block-group-is-layout-constrained\">\n<p>810.026-5 oczekuje na stacji \u0160t\u00edty pory odjazdu jako (drugi w dobie) poci\u0105g osobowy 20502 do Lichkova. Dopiero obrabiaj\u0105c teraz zdj\u0119cie zauwa\u017cy\u0142em, \u017ce z okna budynku stacyjnego czujne czeskie oko przygl\u0105da si\u0119 rozstawionym statywom. \ud83d\ude09 16.10.2011<\/p>\n<\/div>\n","protected":false},"excerpt":{"rendered":"<p>810.026-5 oczekuje na stacji \u0160t\u00edty pory odjazdu jako (drugi w dobie) poci\u0105g osobowy 20502 do Lichkova. Dopiero obrabiaj\u0105c teraz zdj\u0119cie zauwa\u017cy\u0142em, \u017ce z okna budynku stacyjnego czujne czeskie oko przygl\u0105da si\u0119 rozstawionym statywom. \ud83d\ude09 16.10.2011<\/p>\n","protected":false},"author":1,"featured_media":4054,"comment_status":"open","ping_status":"","sticky":false,"template":"","format":"standard","meta":{"footnotes":""},"categories":[2,77],"tags":[1730,92,91,50,49,94,176,1731,584],"class_list":["post-4053","post","type-post","status-publish","format-standard","has-post-thumbnail","hentry","category-kolej","category-rok-2011","tag-2011-10-16","tag-92","tag-blue-hour","tag-cd","tag-czechy","tag-na-kolejowym-koncu-swiata","tag-rano","tag-stity","tag-tab-cz024"],"_links":{"self":[{"href":"https:\/\/wgphoto.pl\/t\/index.php?rest_route=\/wp\/v2\/posts\/4053","targetHints":{"allow":["GET"]}}],"collection":[{"href":"https:\/\/wgphoto.pl\/t\/index.php?rest_route=\/wp\/v2\/posts"}],"about":[{"href":"https:\/\/wgphoto.pl\/t\/index.php?rest_route=\/wp\/v2\/types\/post"}],"author":[{"embeddable":true,"href":"https:\/\/wgphoto.pl\/t\/index.php?rest_route=\/wp\/v2\/users\/1"}],"replies":[{"embeddable":true,"href":"https:\/\/wgphoto.pl\/t\/index.php?rest_route=%2Fwp%2Fv2%2Fcomments&post=4053"}],"version-history":[{"count":1,"href":"https:\/\/wgphoto.pl\/t\/index.php?rest_route=\/wp\/v2\/posts\/4053\/revisions"}],"predecessor-version":[{"id":4055,"href":"https:\/\/wgphoto.pl\/t\/index.php?rest_route=\/wp\/v2\/posts\/4053\/revisions\/4055"}],"wp:featuredmedia":[{"embeddable":true,"href":"https:\/\/wgphoto.pl\/t\/index.php?rest_route=\/wp\/v2\/media\/4054"}],"wp:attachment":[{"href":"https:\/\/wgphoto.pl\/t\/index.php?rest_route=%2Fwp%2Fv2%2Fmedia&parent=4053"}],"wp:term":[{"taxonomy":"category","embeddable":true,"href":"https:\/\/wgphoto.pl\/t\/index.php?rest_route=%2Fwp%2Fv2%2Fcategories&post=4053"},{"taxonomy":"post_tag","embeddable":true,"href":"https:\/\/wgphoto.pl\/t\/index.php?rest_route=%2Fwp%2Fv2%2Ftags&post=4053"}],"curies":[{"name":"wp","href":"https:\/\/api.w.org\/{rel}","templated":true}]}}