{"id":4074,"date":"2024-10-28T17:57:28","date_gmt":"2024-10-28T16:57:28","guid":{"rendered":"https:\/\/wgphoto.pl\/t\/?p=4074"},"modified":"2024-10-28T17:57:28","modified_gmt":"2024-10-28T16:57:28","slug":"en57-201","status":"publish","type":"post","link":"https:\/\/wgphoto.pl\/t\/?p=4074","title":{"rendered":"EN57-201"},"content":{"rendered":"\n<figure class=\"wp-block-image aligncenter size-full\"><img loading=\"lazy\" decoding=\"async\" width=\"1300\" height=\"867\" src=\"https:\/\/wgphoto.pl\/t\/wp-content\/uploads\/2024\/10\/0812-19.jpg\" alt=\"\" class=\"wp-image-4075\" srcset=\"https:\/\/wgphoto.pl\/t\/wp-content\/uploads\/2024\/10\/0812-19.jpg 1300w, https:\/\/wgphoto.pl\/t\/wp-content\/uploads\/2024\/10\/0812-19-300x200.jpg 300w, https:\/\/wgphoto.pl\/t\/wp-content\/uploads\/2024\/10\/0812-19-768x512.jpg 768w\" sizes=\"auto, (max-width: 1300px) 100vw, 1300px\" \/><\/figure>\n\n\n\n<div class=\"wp-block-group has-global-padding is-layout-constrained wp-block-group-is-layout-constrained\">\n<p>Katowicka jednostka jako poci\u0105g osobowy z Gliwic do Opola wyje\u017cd\u017ca z Szymiszowa, mijaj\u0105c nastawni\u0119 dysponuj\u0105c\u0105. Ci\u0119\u017cko tu by\u0142o cokolwiek wpasowa\u0107 mi\u0119dzy s\u0142upy, ale kibelek okaza\u0142 si\u0119 pasowa\u0107 do tego kadru znakomicie. 28.08.2008<\/p>\n<\/div>\n","protected":false},"excerpt":{"rendered":"<p>Katowicka jednostka jako poci\u0105g osobowy z Gliwic do Opola wyje\u017cd\u017ca z Szymiszowa, mijaj\u0105c nastawni\u0119 dysponuj\u0105c\u0105. Ci\u0119\u017cko tu by\u0142o cokolwiek wpasowa\u0107 mi\u0119dzy s\u0142upy, ale kibelek okaza\u0142 si\u0119 pasowa\u0107 do tego kadru znakomicie. 28.08.2008<\/p>\n","protected":false},"author":1,"featured_media":4075,"comment_status":"open","ping_status":"","sticky":false,"template":"","format":"standard","meta":{"footnotes":""},"categories":[62,2,120],"tags":[1736,132,63,27,1737,711],"class_list":["post-4074","post","type-post","status-publish","format-standard","has-post-thumbnail","hentry","category-analog","category-kolej","category-rok-2008","tag-2008-08-28","tag-en57","tag-pkp","tag-polska","tag-szymiszow","tag-tab-pl220"],"_links":{"self":[{"href":"https:\/\/wgphoto.pl\/t\/index.php?rest_route=\/wp\/v2\/posts\/4074","targetHints":{"allow":["GET"]}}],"collection":[{"href":"https:\/\/wgphoto.pl\/t\/index.php?rest_route=\/wp\/v2\/posts"}],"about":[{"href":"https:\/\/wgphoto.pl\/t\/index.php?rest_route=\/wp\/v2\/types\/post"}],"author":[{"embeddable":true,"href":"https:\/\/wgphoto.pl\/t\/index.php?rest_route=\/wp\/v2\/users\/1"}],"replies":[{"embeddable":true,"href":"https:\/\/wgphoto.pl\/t\/index.php?rest_route=%2Fwp%2Fv2%2Fcomments&post=4074"}],"version-history":[{"count":1,"href":"https:\/\/wgphoto.pl\/t\/index.php?rest_route=\/wp\/v2\/posts\/4074\/revisions"}],"predecessor-version":[{"id":4076,"href":"https:\/\/wgphoto.pl\/t\/index.php?rest_route=\/wp\/v2\/posts\/4074\/revisions\/4076"}],"wp:featuredmedia":[{"embeddable":true,"href":"https:\/\/wgphoto.pl\/t\/index.php?rest_route=\/wp\/v2\/media\/4075"}],"wp:attachment":[{"href":"https:\/\/wgphoto.pl\/t\/index.php?rest_route=%2Fwp%2Fv2%2Fmedia&parent=4074"}],"wp:term":[{"taxonomy":"category","embeddable":true,"href":"https:\/\/wgphoto.pl\/t\/index.php?rest_route=%2Fwp%2Fv2%2Fcategories&post=4074"},{"taxonomy":"post_tag","embeddable":true,"href":"https:\/\/wgphoto.pl\/t\/index.php?rest_route=%2Fwp%2Fv2%2Ftags&post=4074"}],"curies":[{"name":"wp","href":"https:\/\/api.w.org\/{rel}","templated":true}]}}