{"id":4080,"date":"2024-10-28T17:59:16","date_gmt":"2024-10-28T16:59:16","guid":{"rendered":"https:\/\/wgphoto.pl\/t\/?p=4080"},"modified":"2025-09-13T12:15:18","modified_gmt":"2025-09-13T10:15:18","slug":"witamy-w-piekle","status":"publish","type":"post","link":"https:\/\/wgphoto.pl\/t\/?p=4080","title":{"rendered":"Witamy w piekle"},"content":{"rendered":"\n<figure class=\"wp-block-image aligncenter size-full\"><img loading=\"lazy\" decoding=\"async\" width=\"1400\" height=\"928\" src=\"https:\/\/wgphoto.pl\/t\/wp-content\/uploads\/2024\/10\/0729-09-1.jpg\" alt=\"\" class=\"wp-image-21894\" srcset=\"https:\/\/wgphoto.pl\/t\/wp-content\/uploads\/2024\/10\/0729-09-1.jpg 1400w, https:\/\/wgphoto.pl\/t\/wp-content\/uploads\/2024\/10\/0729-09-1-300x199.jpg 300w, https:\/\/wgphoto.pl\/t\/wp-content\/uploads\/2024\/10\/0729-09-1-768x509.jpg 768w\" sizes=\"auto, (max-width: 1400px) 100vw, 1400px\" \/><\/figure>\n\n\n\n<div class=\"wp-block-group has-global-padding is-layout-constrained wp-block-group-is-layout-constrained\">\n<p>Ostrawa, ul. Vratimovsk\u00e1. Sk\u0142ad T6A5 1106+1110 wje\u017cd\u017ca na tereny le\u017c\u0105ce w bezpo\u015brednim s\u0105siedztwie Nowej Huty. Gdyby tramwaj zjawi\u0142 si\u0119 par\u0119 sekund wcze\u015bniej, dope\u0142nieniem zdj\u0119cia by\u0142aby zak\u0142adowa lokomotywa T448p, kt\u00f3ra przed momentem niespiesznie przetoczy\u0142a si\u0119 po wiadukcie. 12.09.2007<\/p>\n<\/div>\n","protected":false},"excerpt":{"rendered":"<p>Ostrawa, ul. Vratimovsk\u00e1. Sk\u0142ad T6A5 1106+1110 wje\u017cd\u017ca na tereny le\u017c\u0105ce w bezpo\u015brednim s\u0105siedztwie Nowej Huty. Gdyby tramwaj zjawi\u0142 si\u0119 par\u0119 sekund wcze\u015bniej, dope\u0142nieniem zdj\u0119cia by\u0142aby zak\u0142adowa lokomotywa T448p, kt\u00f3ra przed momentem niespiesznie przetoczy\u0142a si\u0119 po wiadukcie. 12.09.2007<\/p>\n","protected":false},"author":1,"featured_media":21894,"comment_status":"open","ping_status":"","sticky":false,"template":"","format":"standard","meta":{"footnotes":""},"categories":[62,96,3],"tags":[1738,49,899,303,897,905,841],"class_list":["post-4080","post","type-post","status-publish","format-standard","has-post-thumbnail","hentry","category-analog","category-rok-2007","category-tramwaj","tag-2007-09-12","tag-czechy","tag-dp-ostrava","tag-industrial","tag-ostrawa","tag-przez","tag-tatra-t6"],"_links":{"self":[{"href":"https:\/\/wgphoto.pl\/t\/index.php?rest_route=\/wp\/v2\/posts\/4080","targetHints":{"allow":["GET"]}}],"collection":[{"href":"https:\/\/wgphoto.pl\/t\/index.php?rest_route=\/wp\/v2\/posts"}],"about":[{"href":"https:\/\/wgphoto.pl\/t\/index.php?rest_route=\/wp\/v2\/types\/post"}],"author":[{"embeddable":true,"href":"https:\/\/wgphoto.pl\/t\/index.php?rest_route=\/wp\/v2\/users\/1"}],"replies":[{"embeddable":true,"href":"https:\/\/wgphoto.pl\/t\/index.php?rest_route=%2Fwp%2Fv2%2Fcomments&post=4080"}],"version-history":[{"count":2,"href":"https:\/\/wgphoto.pl\/t\/index.php?rest_route=\/wp\/v2\/posts\/4080\/revisions"}],"predecessor-version":[{"id":21895,"href":"https:\/\/wgphoto.pl\/t\/index.php?rest_route=\/wp\/v2\/posts\/4080\/revisions\/21895"}],"wp:featuredmedia":[{"embeddable":true,"href":"https:\/\/wgphoto.pl\/t\/index.php?rest_route=\/wp\/v2\/media\/21894"}],"wp:attachment":[{"href":"https:\/\/wgphoto.pl\/t\/index.php?rest_route=%2Fwp%2Fv2%2Fmedia&parent=4080"}],"wp:term":[{"taxonomy":"category","embeddable":true,"href":"https:\/\/wgphoto.pl\/t\/index.php?rest_route=%2Fwp%2Fv2%2Fcategories&post=4080"},{"taxonomy":"post_tag","embeddable":true,"href":"https:\/\/wgphoto.pl\/t\/index.php?rest_route=%2Fwp%2Fv2%2Ftags&post=4080"}],"curies":[{"name":"wp","href":"https:\/\/api.w.org\/{rel}","templated":true}]}}