{"id":4083,"date":"2024-10-28T18:00:15","date_gmt":"2024-10-28T17:00:15","guid":{"rendered":"https:\/\/wgphoto.pl\/t\/?p=4083"},"modified":"2024-10-28T18:00:15","modified_gmt":"2024-10-28T17:00:15","slug":"bananowy-tramwaj-w-przemyslowym-krajobrazie","status":"publish","type":"post","link":"https:\/\/wgphoto.pl\/t\/?p=4083","title":{"rendered":"Bananowy tramwaj w przemys\u0142owym krajobrazie"},"content":{"rendered":"\n<figure class=\"wp-block-image aligncenter size-full\"><img loading=\"lazy\" decoding=\"async\" width=\"1050\" height=\"700\" src=\"https:\/\/wgphoto.pl\/t\/wp-content\/uploads\/2024\/10\/0729-25.jpg\" alt=\"\" class=\"wp-image-4084\" srcset=\"https:\/\/wgphoto.pl\/t\/wp-content\/uploads\/2024\/10\/0729-25.jpg 1050w, https:\/\/wgphoto.pl\/t\/wp-content\/uploads\/2024\/10\/0729-25-300x200.jpg 300w, https:\/\/wgphoto.pl\/t\/wp-content\/uploads\/2024\/10\/0729-25-768x512.jpg 768w\" sizes=\"auto, (max-width: 1050px) 100vw, 1050px\" \/><\/figure>\n\n\n\n<div class=\"wp-block-group has-global-padding is-layout-constrained wp-block-group-is-layout-constrained\">\n<p>Ostrawa, ul. 1. m\u00e1je. Do M\u00edrov\u00e9ho n\u00e1m\u011bst\u00ed zbli\u017ca si\u0119 Inekon numer 1253 na lince 12, za nim wida\u0107 (najprawdopodobniej przegubow\u0105) Tatr\u0119, kt\u00f3ra jako &#8222;tr\u00f3jka&#8221; powoli pokonuje trzy kolejne skrzy\u017cowania z torem kolejowym. Obie linie sko\u0144cz\u0105 kurs na tej samej p\u0119tli &#8211; Dubina (w\u00f3wczas jeszcze) Interspar &#8211; lecz dotr\u0105 tam r\u00f3\u017cnymi trasami. Warto doda\u0107, \u017ce s\u0105 to jedyne linie pokonuj\u0105ce tras\u0119 przez ul. 1. Maja, za\u015b ich gromadna jazda odbywa si\u0119 co 10 minut zgodnie z za\u0142o\u017conym rozk\u0142adem jazdy. Rok p\u00f3\u017aniej wyst\u0119powa\u0142a analogiczna sytuacja &#8211; po co zmienia\u0107 synchronizacj\u0119 je\u015bli jest dobra. \ud83d\ude42 12.09.2007<\/p>\n<\/div>\n","protected":false},"excerpt":{"rendered":"<p>Ostrawa, ul. 1. m\u00e1je. Do M\u00edrov\u00e9ho n\u00e1m\u011bst\u00ed zbli\u017ca si\u0119 Inekon numer 1253 na lince 12, za nim wida\u0107 (najprawdopodobniej przegubow\u0105) Tatr\u0119, kt\u00f3ra jako &#8222;tr\u00f3jka&#8221; powoli pokonuje trzy kolejne skrzy\u017cowania z torem kolejowym. Obie linie sko\u0144cz\u0105 kurs na tej samej p\u0119tli &#8211; Dubina (w\u00f3wczas jeszcze) Interspar &#8211; lecz dotr\u0105 tam r\u00f3\u017cnymi trasami. Warto doda\u0107, \u017ce s\u0105 [&hellip;]<\/p>\n","protected":false},"author":1,"featured_media":4084,"comment_status":"open","ping_status":"","sticky":false,"template":"","format":"standard","meta":{"footnotes":""},"categories":[62,96,3],"tags":[1738,49,899,303,1739,173,389,897,1510,1098,1011],"class_list":["post-4083","post","type-post","status-publish","format-standard","has-post-thumbnail","hentry","category-analog","category-rok-2007","category-tramwaj","tag-2007-09-12","tag-czechy","tag-dp-ostrava","tag-industrial","tag-inekon-01-trio","tag-koncowki","tag-mijanka","tag-ostrawa","tag-skany-z-odrzanskiej","tag-skoda-03t","tag-tatra-t3"],"_links":{"self":[{"href":"https:\/\/wgphoto.pl\/t\/index.php?rest_route=\/wp\/v2\/posts\/4083","targetHints":{"allow":["GET"]}}],"collection":[{"href":"https:\/\/wgphoto.pl\/t\/index.php?rest_route=\/wp\/v2\/posts"}],"about":[{"href":"https:\/\/wgphoto.pl\/t\/index.php?rest_route=\/wp\/v2\/types\/post"}],"author":[{"embeddable":true,"href":"https:\/\/wgphoto.pl\/t\/index.php?rest_route=\/wp\/v2\/users\/1"}],"replies":[{"embeddable":true,"href":"https:\/\/wgphoto.pl\/t\/index.php?rest_route=%2Fwp%2Fv2%2Fcomments&post=4083"}],"version-history":[{"count":1,"href":"https:\/\/wgphoto.pl\/t\/index.php?rest_route=\/wp\/v2\/posts\/4083\/revisions"}],"predecessor-version":[{"id":4085,"href":"https:\/\/wgphoto.pl\/t\/index.php?rest_route=\/wp\/v2\/posts\/4083\/revisions\/4085"}],"wp:featuredmedia":[{"embeddable":true,"href":"https:\/\/wgphoto.pl\/t\/index.php?rest_route=\/wp\/v2\/media\/4084"}],"wp:attachment":[{"href":"https:\/\/wgphoto.pl\/t\/index.php?rest_route=%2Fwp%2Fv2%2Fmedia&parent=4083"}],"wp:term":[{"taxonomy":"category","embeddable":true,"href":"https:\/\/wgphoto.pl\/t\/index.php?rest_route=%2Fwp%2Fv2%2Fcategories&post=4083"},{"taxonomy":"post_tag","embeddable":true,"href":"https:\/\/wgphoto.pl\/t\/index.php?rest_route=%2Fwp%2Fv2%2Ftags&post=4083"}],"curies":[{"name":"wp","href":"https:\/\/api.w.org\/{rel}","templated":true}]}}