{"id":4086,"date":"2024-10-28T18:01:12","date_gmt":"2024-10-28T17:01:12","guid":{"rendered":"https:\/\/wgphoto.pl\/t\/?p=4086"},"modified":"2024-10-28T18:01:12","modified_gmt":"2024-10-28T17:01:12","slug":"ostatnia-paroweczka","status":"publish","type":"post","link":"https:\/\/wgphoto.pl\/t\/?p=4086","title":{"rendered":"Ostatnia par\u00f3weczka"},"content":{"rendered":"\n<figure class=\"wp-block-image aligncenter size-full\"><img loading=\"lazy\" decoding=\"async\" width=\"1200\" height=\"675\" src=\"https:\/\/wgphoto.pl\/t\/wp-content\/uploads\/2024\/10\/0618-27.jpg\" alt=\"\" class=\"wp-image-4087\" srcset=\"https:\/\/wgphoto.pl\/t\/wp-content\/uploads\/2024\/10\/0618-27.jpg 1200w, https:\/\/wgphoto.pl\/t\/wp-content\/uploads\/2024\/10\/0618-27-300x169.jpg 300w, https:\/\/wgphoto.pl\/t\/wp-content\/uploads\/2024\/10\/0618-27-768x432.jpg 768w\" sizes=\"auto, (max-width: 1200px) 100vw, 1200px\" \/><\/figure>\n\n\n\n<div class=\"wp-block-group has-global-padding is-layout-constrained wp-block-group-is-layout-constrained\">\n<p>SU45-017 z poci\u0105giem osobowym 55225 relacji Kwidzyn &#8211; Malbork z\u0142apany mi\u0119dzy Kwidzynem a Brachlewem. Widoczny zestaw Bhp, przynale\u017cny do wagonowni w Toruniu, by\u0142 jednym z ostatnich posiadaj\u0105cych pierwotne malowanie i, z tego co pami\u0119tam, ostatnim w tym rejonie \u015bwiata. Kursowa\u0142 do ko\u0144ca wrze\u015bnia 2006 roku obs\u0142uguj\u0105c dwudniowy obieg Toru\u0144 &#8211; Malbork &#8211; Kwidzyn &#8211; Malbork &#8211; Toru\u0144. 09.08.2006<\/p>\n<\/div>\n","protected":false},"excerpt":{"rendered":"<p>SU45-017 z poci\u0105giem osobowym 55225 relacji Kwidzyn &#8211; Malbork z\u0142apany mi\u0119dzy Kwidzynem a Brachlewem. Widoczny zestaw Bhp, przynale\u017cny do wagonowni w Toruniu, by\u0142 jednym z ostatnich posiadaj\u0105cych pierwotne malowanie i, z tego co pami\u0119tam, ostatnim w tym rejonie \u015bwiata. Kursowa\u0142 do ko\u0144ca wrze\u015bnia 2006 roku obs\u0142uguj\u0105c dwudniowy obieg Toru\u0144 &#8211; Malbork &#8211; Kwidzyn &#8211; Malbork [&hellip;]<\/p>\n","protected":false},"author":1,"featured_media":4087,"comment_status":"open","ping_status":"","sticky":false,"template":"","format":"standard","meta":{"footnotes":""},"categories":[62,2,130],"tags":[1513,288,1741,1740,63,1510,290,1512],"class_list":["post-4086","post","type-post","status-publish","format-standard","has-post-thumbnail","hentry","category-analog","category-kolej","category-rok-2006","tag-2006-08-09","tag-bipa","tag-brachlewo","tag-kwidzyn","tag-pkp","tag-skany-z-odrzanskiej","tag-su45","tag-tab-pl415"],"_links":{"self":[{"href":"https:\/\/wgphoto.pl\/t\/index.php?rest_route=\/wp\/v2\/posts\/4086","targetHints":{"allow":["GET"]}}],"collection":[{"href":"https:\/\/wgphoto.pl\/t\/index.php?rest_route=\/wp\/v2\/posts"}],"about":[{"href":"https:\/\/wgphoto.pl\/t\/index.php?rest_route=\/wp\/v2\/types\/post"}],"author":[{"embeddable":true,"href":"https:\/\/wgphoto.pl\/t\/index.php?rest_route=\/wp\/v2\/users\/1"}],"replies":[{"embeddable":true,"href":"https:\/\/wgphoto.pl\/t\/index.php?rest_route=%2Fwp%2Fv2%2Fcomments&post=4086"}],"version-history":[{"count":1,"href":"https:\/\/wgphoto.pl\/t\/index.php?rest_route=\/wp\/v2\/posts\/4086\/revisions"}],"predecessor-version":[{"id":4088,"href":"https:\/\/wgphoto.pl\/t\/index.php?rest_route=\/wp\/v2\/posts\/4086\/revisions\/4088"}],"wp:featuredmedia":[{"embeddable":true,"href":"https:\/\/wgphoto.pl\/t\/index.php?rest_route=\/wp\/v2\/media\/4087"}],"wp:attachment":[{"href":"https:\/\/wgphoto.pl\/t\/index.php?rest_route=%2Fwp%2Fv2%2Fmedia&parent=4086"}],"wp:term":[{"taxonomy":"category","embeddable":true,"href":"https:\/\/wgphoto.pl\/t\/index.php?rest_route=%2Fwp%2Fv2%2Fcategories&post=4086"},{"taxonomy":"post_tag","embeddable":true,"href":"https:\/\/wgphoto.pl\/t\/index.php?rest_route=%2Fwp%2Fv2%2Ftags&post=4086"}],"curies":[{"name":"wp","href":"https:\/\/api.w.org\/{rel}","templated":true}]}}