{"id":4092,"date":"2024-10-28T18:03:00","date_gmt":"2024-10-28T17:03:00","guid":{"rendered":"https:\/\/wgphoto.pl\/t\/?p=4092"},"modified":"2024-10-28T18:03:00","modified_gmt":"2024-10-28T17:03:00","slug":"falowanie-i-spadanie","status":"publish","type":"post","link":"https:\/\/wgphoto.pl\/t\/?p=4092","title":{"rendered":"Falowanie i spadanie"},"content":{"rendered":"\n<figure class=\"wp-block-image aligncenter size-full\"><img loading=\"lazy\" decoding=\"async\" width=\"1300\" height=\"867\" src=\"https:\/\/wgphoto.pl\/t\/wp-content\/uploads\/2024\/10\/0815-16.jpg\" alt=\"\" class=\"wp-image-4093\" srcset=\"https:\/\/wgphoto.pl\/t\/wp-content\/uploads\/2024\/10\/0815-16.jpg 1300w, https:\/\/wgphoto.pl\/t\/wp-content\/uploads\/2024\/10\/0815-16-300x200.jpg 300w, https:\/\/wgphoto.pl\/t\/wp-content\/uploads\/2024\/10\/0815-16-768x512.jpg 768w\" sizes=\"auto, (max-width: 1300px) 100vw, 1300px\" \/><\/figure>\n\n\n\n<div class=\"wp-block-group has-global-padding is-layout-constrained wp-block-group-is-layout-constrained\">\n<p>Wagon T3G 710 zdobywa szczyt szerokiej i pustej, bo zako\u0144czonej \u015blepo, ulicy Pavlovovej. Prosz\u0119 zwr\u00f3ci\u0107 uwag\u0119 na znak informuj\u0105cy kierowc\u00f3w o zbli\u017caniu si\u0119 do przystanku tramwajowego. Nie jest to s\u0142upek przystankowy &#8211; ten wisi na latarni. 23.09.2008<\/p>\n<\/div>\n","protected":false},"excerpt":{"rendered":"<p>Wagon T3G 710 zdobywa szczyt szerokiej i pustej, bo zako\u0144czonej \u015blepo, ulicy Pavlovovej. Prosz\u0119 zwr\u00f3ci\u0107 uwag\u0119 na znak informuj\u0105cy kierowc\u00f3w o zbli\u017caniu si\u0119 do przystanku tramwajowego. Nie jest to s\u0142upek przystankowy &#8211; ten wisi na latarni. 23.09.2008<\/p>\n","protected":false},"author":1,"featured_media":4093,"comment_status":"open","ping_status":"","sticky":false,"template":"","format":"standard","meta":{"footnotes":""},"categories":[62,120,3],"tags":[1742,49,899,897,118,1011],"class_list":["post-4092","post","type-post","status-publish","format-standard","has-post-thumbnail","hentry","category-analog","category-rok-2008","category-tramwaj","tag-2008-09-23","tag-czechy","tag-dp-ostrava","tag-ostrawa","tag-plany-i-profile","tag-tatra-t3"],"_links":{"self":[{"href":"https:\/\/wgphoto.pl\/t\/index.php?rest_route=\/wp\/v2\/posts\/4092","targetHints":{"allow":["GET"]}}],"collection":[{"href":"https:\/\/wgphoto.pl\/t\/index.php?rest_route=\/wp\/v2\/posts"}],"about":[{"href":"https:\/\/wgphoto.pl\/t\/index.php?rest_route=\/wp\/v2\/types\/post"}],"author":[{"embeddable":true,"href":"https:\/\/wgphoto.pl\/t\/index.php?rest_route=\/wp\/v2\/users\/1"}],"replies":[{"embeddable":true,"href":"https:\/\/wgphoto.pl\/t\/index.php?rest_route=%2Fwp%2Fv2%2Fcomments&post=4092"}],"version-history":[{"count":1,"href":"https:\/\/wgphoto.pl\/t\/index.php?rest_route=\/wp\/v2\/posts\/4092\/revisions"}],"predecessor-version":[{"id":4094,"href":"https:\/\/wgphoto.pl\/t\/index.php?rest_route=\/wp\/v2\/posts\/4092\/revisions\/4094"}],"wp:featuredmedia":[{"embeddable":true,"href":"https:\/\/wgphoto.pl\/t\/index.php?rest_route=\/wp\/v2\/media\/4093"}],"wp:attachment":[{"href":"https:\/\/wgphoto.pl\/t\/index.php?rest_route=%2Fwp%2Fv2%2Fmedia&parent=4092"}],"wp:term":[{"taxonomy":"category","embeddable":true,"href":"https:\/\/wgphoto.pl\/t\/index.php?rest_route=%2Fwp%2Fv2%2Fcategories&post=4092"},{"taxonomy":"post_tag","embeddable":true,"href":"https:\/\/wgphoto.pl\/t\/index.php?rest_route=%2Fwp%2Fv2%2Ftags&post=4092"}],"curies":[{"name":"wp","href":"https:\/\/api.w.org\/{rel}","templated":true}]}}