{"id":4098,"date":"2024-10-28T18:04:50","date_gmt":"2024-10-28T17:04:50","guid":{"rendered":"https:\/\/wgphoto.pl\/t\/?p=4098"},"modified":"2024-10-28T18:04:50","modified_gmt":"2024-10-28T17:04:50","slug":"ratusz-vitkovic","status":"publish","type":"post","link":"https:\/\/wgphoto.pl\/t\/?p=4098","title":{"rendered":"Ratusz V\u00edtkovic"},"content":{"rendered":"\n<figure class=\"wp-block-image aligncenter size-full\"><img loading=\"lazy\" decoding=\"async\" width=\"1300\" height=\"867\" src=\"https:\/\/wgphoto.pl\/t\/wp-content\/uploads\/2024\/10\/0815-27.jpg\" alt=\"\" class=\"wp-image-4099\" srcset=\"https:\/\/wgphoto.pl\/t\/wp-content\/uploads\/2024\/10\/0815-27.jpg 1300w, https:\/\/wgphoto.pl\/t\/wp-content\/uploads\/2024\/10\/0815-27-300x200.jpg 300w, https:\/\/wgphoto.pl\/t\/wp-content\/uploads\/2024\/10\/0815-27-768x512.jpg 768w\" sizes=\"auto, (max-width: 1300px) 100vw, 1300px\" \/><\/figure>\n\n\n\n<div class=\"wp-block-group has-global-padding is-layout-constrained wp-block-group-is-layout-constrained\">\n<p>Ostrava-V\u00edtkovice, M\u00edrov\u00e9 n\u00e1m\u011bst\u00ed. Miejscowej produkcji Inekon Trio nr 1257 w popularnym ostrawskim uj\u0119ciu, kt\u00f3re te 12 lat temu nie by\u0142o jeszcze tak popularne, wi\u0119c ucieszy\u0142em si\u0119, \u017ce uda\u0142o mi si\u0119 znale\u017a\u0107 tak\u0105 architektoniczn\u0105 pere\u0142k\u0119. 23.09.2008<\/p>\n<\/div>\n","protected":false},"excerpt":{"rendered":"<p>Ostrava-V\u00edtkovice, M\u00edrov\u00e9 n\u00e1m\u011bst\u00ed. Miejscowej produkcji Inekon Trio nr 1257 w popularnym ostrawskim uj\u0119ciu, kt\u00f3re te 12 lat temu nie by\u0142o jeszcze tak popularne, wi\u0119c ucieszy\u0142em si\u0119, \u017ce uda\u0142o mi si\u0119 znale\u017a\u0107 tak\u0105 architektoniczn\u0105 pere\u0142k\u0119. 23.09.2008<\/p>\n","protected":false},"author":1,"featured_media":4099,"comment_status":"open","ping_status":"","sticky":false,"template":"","format":"standard","meta":{"footnotes":""},"categories":[62,120,3],"tags":[1742,34,49,899,1739,897,1098],"class_list":["post-4098","post","type-post","status-publish","format-standard","has-post-thumbnail","hentry","category-analog","category-rok-2008","category-tramwaj","tag-2008-09-23","tag-architektura","tag-czechy","tag-dp-ostrava","tag-inekon-01-trio","tag-ostrawa","tag-skoda-03t"],"_links":{"self":[{"href":"https:\/\/wgphoto.pl\/t\/index.php?rest_route=\/wp\/v2\/posts\/4098","targetHints":{"allow":["GET"]}}],"collection":[{"href":"https:\/\/wgphoto.pl\/t\/index.php?rest_route=\/wp\/v2\/posts"}],"about":[{"href":"https:\/\/wgphoto.pl\/t\/index.php?rest_route=\/wp\/v2\/types\/post"}],"author":[{"embeddable":true,"href":"https:\/\/wgphoto.pl\/t\/index.php?rest_route=\/wp\/v2\/users\/1"}],"replies":[{"embeddable":true,"href":"https:\/\/wgphoto.pl\/t\/index.php?rest_route=%2Fwp%2Fv2%2Fcomments&post=4098"}],"version-history":[{"count":1,"href":"https:\/\/wgphoto.pl\/t\/index.php?rest_route=\/wp\/v2\/posts\/4098\/revisions"}],"predecessor-version":[{"id":4100,"href":"https:\/\/wgphoto.pl\/t\/index.php?rest_route=\/wp\/v2\/posts\/4098\/revisions\/4100"}],"wp:featuredmedia":[{"embeddable":true,"href":"https:\/\/wgphoto.pl\/t\/index.php?rest_route=\/wp\/v2\/media\/4099"}],"wp:attachment":[{"href":"https:\/\/wgphoto.pl\/t\/index.php?rest_route=%2Fwp%2Fv2%2Fmedia&parent=4098"}],"wp:term":[{"taxonomy":"category","embeddable":true,"href":"https:\/\/wgphoto.pl\/t\/index.php?rest_route=%2Fwp%2Fv2%2Fcategories&post=4098"},{"taxonomy":"post_tag","embeddable":true,"href":"https:\/\/wgphoto.pl\/t\/index.php?rest_route=%2Fwp%2Fv2%2Ftags&post=4098"}],"curies":[{"name":"wp","href":"https:\/\/api.w.org\/{rel}","templated":true}]}}