{"id":4101,"date":"2024-10-28T18:05:45","date_gmt":"2024-10-28T17:05:45","guid":{"rendered":"https:\/\/wgphoto.pl\/t\/?p=4101"},"modified":"2024-10-28T18:05:45","modified_gmt":"2024-10-28T17:05:45","slug":"ostrawski-klasyk-po-raz-drugi","status":"publish","type":"post","link":"https:\/\/wgphoto.pl\/t\/?p=4101","title":{"rendered":"Ostrawski klasyk po raz drugi"},"content":{"rendered":"\n<figure class=\"wp-block-image aligncenter size-full\"><img loading=\"lazy\" decoding=\"async\" width=\"1300\" height=\"867\" src=\"https:\/\/wgphoto.pl\/t\/wp-content\/uploads\/2024\/10\/0815-12.jpg\" alt=\"\" class=\"wp-image-4102\" srcset=\"https:\/\/wgphoto.pl\/t\/wp-content\/uploads\/2024\/10\/0815-12.jpg 1300w, https:\/\/wgphoto.pl\/t\/wp-content\/uploads\/2024\/10\/0815-12-300x200.jpg 300w, https:\/\/wgphoto.pl\/t\/wp-content\/uploads\/2024\/10\/0815-12-768x512.jpg 768w\" sizes=\"auto, (max-width: 1300px) 100vw, 1300px\" \/><\/figure>\n\n\n\n<div class=\"wp-block-group has-global-padding is-layout-constrained wp-block-group-is-layout-constrained\">\n<p>Ostrawa, ul. V\u00edtkovick\u00e1. T3SUCS 930 jako tramwaj linii 6 &#8211; jednej z a\u017c trzech linii szczytowych, wspomagaj\u0105cych w godzinach 5-9 i 14-17 tylko dwie ca\u0142odzienne obs\u0142uguj\u0105ce rejon witkowickich kopal\u0144. 23.09.2008<\/p>\n<\/div>\n","protected":false},"excerpt":{"rendered":"<p>Ostrawa, ul. V\u00edtkovick\u00e1. T3SUCS 930 jako tramwaj linii 6 &#8211; jednej z a\u017c trzech linii szczytowych, wspomagaj\u0105cych w godzinach 5-9 i 14-17 tylko dwie ca\u0142odzienne obs\u0142uguj\u0105ce rejon witkowickich kopal\u0144. 23.09.2008<\/p>\n","protected":false},"author":1,"featured_media":4102,"comment_status":"open","ping_status":"","sticky":false,"template":"","format":"standard","meta":{"footnotes":""},"categories":[62,120,3],"tags":[1742,49,899,303,897,1011],"class_list":["post-4101","post","type-post","status-publish","format-standard","has-post-thumbnail","hentry","category-analog","category-rok-2008","category-tramwaj","tag-2008-09-23","tag-czechy","tag-dp-ostrava","tag-industrial","tag-ostrawa","tag-tatra-t3"],"_links":{"self":[{"href":"https:\/\/wgphoto.pl\/t\/index.php?rest_route=\/wp\/v2\/posts\/4101","targetHints":{"allow":["GET"]}}],"collection":[{"href":"https:\/\/wgphoto.pl\/t\/index.php?rest_route=\/wp\/v2\/posts"}],"about":[{"href":"https:\/\/wgphoto.pl\/t\/index.php?rest_route=\/wp\/v2\/types\/post"}],"author":[{"embeddable":true,"href":"https:\/\/wgphoto.pl\/t\/index.php?rest_route=\/wp\/v2\/users\/1"}],"replies":[{"embeddable":true,"href":"https:\/\/wgphoto.pl\/t\/index.php?rest_route=%2Fwp%2Fv2%2Fcomments&post=4101"}],"version-history":[{"count":1,"href":"https:\/\/wgphoto.pl\/t\/index.php?rest_route=\/wp\/v2\/posts\/4101\/revisions"}],"predecessor-version":[{"id":4103,"href":"https:\/\/wgphoto.pl\/t\/index.php?rest_route=\/wp\/v2\/posts\/4101\/revisions\/4103"}],"wp:featuredmedia":[{"embeddable":true,"href":"https:\/\/wgphoto.pl\/t\/index.php?rest_route=\/wp\/v2\/media\/4102"}],"wp:attachment":[{"href":"https:\/\/wgphoto.pl\/t\/index.php?rest_route=%2Fwp%2Fv2%2Fmedia&parent=4101"}],"wp:term":[{"taxonomy":"category","embeddable":true,"href":"https:\/\/wgphoto.pl\/t\/index.php?rest_route=%2Fwp%2Fv2%2Fcategories&post=4101"},{"taxonomy":"post_tag","embeddable":true,"href":"https:\/\/wgphoto.pl\/t\/index.php?rest_route=%2Fwp%2Fv2%2Ftags&post=4101"}],"curies":[{"name":"wp","href":"https:\/\/api.w.org\/{rel}","templated":true}]}}