{"id":4107,"date":"2024-10-28T18:07:30","date_gmt":"2024-10-28T17:07:30","guid":{"rendered":"https:\/\/wgphoto.pl\/t\/?p=4107"},"modified":"2024-10-28T18:07:30","modified_gmt":"2024-10-28T17:07:30","slug":"vitkovice","status":"publish","type":"post","link":"https:\/\/wgphoto.pl\/t\/?p=4107","title":{"rendered":"V\u00edtkovice"},"content":{"rendered":"\n<figure class=\"wp-block-image aligncenter size-full\"><img loading=\"lazy\" decoding=\"async\" width=\"1300\" height=\"867\" src=\"https:\/\/wgphoto.pl\/t\/wp-content\/uploads\/2024\/10\/0815-17.jpg\" alt=\"\" class=\"wp-image-4108\" srcset=\"https:\/\/wgphoto.pl\/t\/wp-content\/uploads\/2024\/10\/0815-17.jpg 1300w, https:\/\/wgphoto.pl\/t\/wp-content\/uploads\/2024\/10\/0815-17-300x200.jpg 300w, https:\/\/wgphoto.pl\/t\/wp-content\/uploads\/2024\/10\/0815-17-768x512.jpg 768w\" sizes=\"auto, (max-width: 1300px) 100vw, 1300px\" \/><\/figure>\n\n\n\n<div class=\"wp-block-group has-global-padding is-layout-constrained wp-block-group-is-layout-constrained\">\n<p>Wanna numer 1324 na przystanku przy dworcu V\u00edtkovice w Ostrawie. Ciekawe jest to miejsce: du\u017cy, pusty i wyludniony plac przed budynkiem dworcowym o charakterystycznej architekturze, a obok spora p\u0119tla tramwajowa (obecnie nieu\u017cywana) oraz skomplikowany w\u0119ze\u0142 torowy. Rano i popo\u0142udniu ta przemys\u0142owa okolica zapewne na chwil\u0119 o\u017cywa. 23.09.2008<\/p>\n<\/div>\n","protected":false},"excerpt":{"rendered":"<p>Wanna numer 1324 na przystanku przy dworcu V\u00edtkovice w Ostrawie. Ciekawe jest to miejsce: du\u017cy, pusty i wyludniony plac przed budynkiem dworcowym o charakterystycznej architekturze, a obok spora p\u0119tla tramwajowa (obecnie nieu\u017cywana) oraz skomplikowany w\u0119ze\u0142 torowy. Rano i popo\u0142udniu ta przemys\u0142owa okolica zapewne na chwil\u0119 o\u017cywa. 23.09.2008<\/p>\n","protected":false},"author":1,"featured_media":4108,"comment_status":"open","ping_status":"","sticky":false,"template":"","format":"standard","meta":{"footnotes":""},"categories":[62,120,3],"tags":[1742,49,899,897,380,1243],"class_list":["post-4107","post","type-post","status-publish","format-standard","has-post-thumbnail","hentry","category-analog","category-rok-2008","category-tramwaj","tag-2008-09-23","tag-czechy","tag-dp-ostrava","tag-ostrawa","tag-spod-dworca","tag-vario-lf"],"_links":{"self":[{"href":"https:\/\/wgphoto.pl\/t\/index.php?rest_route=\/wp\/v2\/posts\/4107","targetHints":{"allow":["GET"]}}],"collection":[{"href":"https:\/\/wgphoto.pl\/t\/index.php?rest_route=\/wp\/v2\/posts"}],"about":[{"href":"https:\/\/wgphoto.pl\/t\/index.php?rest_route=\/wp\/v2\/types\/post"}],"author":[{"embeddable":true,"href":"https:\/\/wgphoto.pl\/t\/index.php?rest_route=\/wp\/v2\/users\/1"}],"replies":[{"embeddable":true,"href":"https:\/\/wgphoto.pl\/t\/index.php?rest_route=%2Fwp%2Fv2%2Fcomments&post=4107"}],"version-history":[{"count":1,"href":"https:\/\/wgphoto.pl\/t\/index.php?rest_route=\/wp\/v2\/posts\/4107\/revisions"}],"predecessor-version":[{"id":4109,"href":"https:\/\/wgphoto.pl\/t\/index.php?rest_route=\/wp\/v2\/posts\/4107\/revisions\/4109"}],"wp:featuredmedia":[{"embeddable":true,"href":"https:\/\/wgphoto.pl\/t\/index.php?rest_route=\/wp\/v2\/media\/4108"}],"wp:attachment":[{"href":"https:\/\/wgphoto.pl\/t\/index.php?rest_route=%2Fwp%2Fv2%2Fmedia&parent=4107"}],"wp:term":[{"taxonomy":"category","embeddable":true,"href":"https:\/\/wgphoto.pl\/t\/index.php?rest_route=%2Fwp%2Fv2%2Fcategories&post=4107"},{"taxonomy":"post_tag","embeddable":true,"href":"https:\/\/wgphoto.pl\/t\/index.php?rest_route=%2Fwp%2Fv2%2Ftags&post=4107"}],"curies":[{"name":"wp","href":"https:\/\/api.w.org\/{rel}","templated":true}]}}