{"id":4110,"date":"2024-10-28T18:08:22","date_gmt":"2024-10-28T17:08:22","guid":{"rendered":"https:\/\/wgphoto.pl\/t\/?p=4110"},"modified":"2024-10-28T18:08:22","modified_gmt":"2024-10-28T17:08:22","slug":"ustap","status":"publish","type":"post","link":"https:\/\/wgphoto.pl\/t\/?p=4110","title":{"rendered":"Ust\u0105p"},"content":{"rendered":"\n<figure class=\"wp-block-image aligncenter size-full\"><img loading=\"lazy\" decoding=\"async\" width=\"1300\" height=\"867\" src=\"https:\/\/wgphoto.pl\/t\/wp-content\/uploads\/2024\/10\/0815-28.jpg\" alt=\"\" class=\"wp-image-4111\" srcset=\"https:\/\/wgphoto.pl\/t\/wp-content\/uploads\/2024\/10\/0815-28.jpg 1300w, https:\/\/wgphoto.pl\/t\/wp-content\/uploads\/2024\/10\/0815-28-300x200.jpg 300w, https:\/\/wgphoto.pl\/t\/wp-content\/uploads\/2024\/10\/0815-28-768x512.jpg 768w\" sizes=\"auto, (max-width: 1300px) 100vw, 1300px\" \/><\/figure>\n\n\n\n<div class=\"wp-block-group has-global-padding is-layout-constrained wp-block-group-is-layout-constrained\">\n<p>Jedna z najnowszych w\u00f3wczas wanien (bardzo mi si\u0119 spodoba\u0142a ta ksywa) &#8211; nr 1328 &#8211; zbli\u017ca si\u0119 do p\u0119tli Hrane\u010dn\u00edk w Ostrawie. Pojazd wykonuje jeden z o\u015bmiu kurs\u00f3w linii 14, jest to bowiem tylko wyjazd z zajezdni, oznaczony dla jasno\u015bci numerem linii. Cel takiego kadru oczywi\u015bcie istnieje, a jest nim pokazanie oznakowania wyjazdu z p\u0119tli, raczej w Polsce niespotykanego. 23.09.2008<\/p>\n<\/div>\n","protected":false},"excerpt":{"rendered":"<p>Jedna z najnowszych w\u00f3wczas wanien (bardzo mi si\u0119 spodoba\u0142a ta ksywa) &#8211; nr 1328 &#8211; zbli\u017ca si\u0119 do p\u0119tli Hrane\u010dn\u00edk w Ostrawie. Pojazd wykonuje jeden z o\u015bmiu kurs\u00f3w linii 14, jest to bowiem tylko wyjazd z zajezdni, oznaczony dla jasno\u015bci numerem linii. Cel takiego kadru oczywi\u015bcie istnieje, a jest nim pokazanie oznakowania wyjazdu z p\u0119tli, [&hellip;]<\/p>\n","protected":false},"author":1,"featured_media":4111,"comment_status":"open","ping_status":"","sticky":false,"template":"","format":"standard","meta":{"footnotes":""},"categories":[62,120,3],"tags":[1742,49,899,230,897,1243],"class_list":["post-4110","post","type-post","status-publish","format-standard","has-post-thumbnail","hentry","category-analog","category-rok-2008","category-tramwaj","tag-2008-09-23","tag-czechy","tag-dp-ostrava","tag-infrastruktura","tag-ostrawa","tag-vario-lf"],"_links":{"self":[{"href":"https:\/\/wgphoto.pl\/t\/index.php?rest_route=\/wp\/v2\/posts\/4110","targetHints":{"allow":["GET"]}}],"collection":[{"href":"https:\/\/wgphoto.pl\/t\/index.php?rest_route=\/wp\/v2\/posts"}],"about":[{"href":"https:\/\/wgphoto.pl\/t\/index.php?rest_route=\/wp\/v2\/types\/post"}],"author":[{"embeddable":true,"href":"https:\/\/wgphoto.pl\/t\/index.php?rest_route=\/wp\/v2\/users\/1"}],"replies":[{"embeddable":true,"href":"https:\/\/wgphoto.pl\/t\/index.php?rest_route=%2Fwp%2Fv2%2Fcomments&post=4110"}],"version-history":[{"count":1,"href":"https:\/\/wgphoto.pl\/t\/index.php?rest_route=\/wp\/v2\/posts\/4110\/revisions"}],"predecessor-version":[{"id":4112,"href":"https:\/\/wgphoto.pl\/t\/index.php?rest_route=\/wp\/v2\/posts\/4110\/revisions\/4112"}],"wp:featuredmedia":[{"embeddable":true,"href":"https:\/\/wgphoto.pl\/t\/index.php?rest_route=\/wp\/v2\/media\/4111"}],"wp:attachment":[{"href":"https:\/\/wgphoto.pl\/t\/index.php?rest_route=%2Fwp%2Fv2%2Fmedia&parent=4110"}],"wp:term":[{"taxonomy":"category","embeddable":true,"href":"https:\/\/wgphoto.pl\/t\/index.php?rest_route=%2Fwp%2Fv2%2Fcategories&post=4110"},{"taxonomy":"post_tag","embeddable":true,"href":"https:\/\/wgphoto.pl\/t\/index.php?rest_route=%2Fwp%2Fv2%2Ftags&post=4110"}],"curies":[{"name":"wp","href":"https:\/\/api.w.org\/{rel}","templated":true}]}}