{"id":4140,"date":"2024-10-28T18:18:05","date_gmt":"2024-10-28T17:18:05","guid":{"rendered":"https:\/\/wgphoto.pl\/t\/?p=4140"},"modified":"2024-10-28T18:18:05","modified_gmt":"2024-10-28T17:18:05","slug":"sorry-geen-dienst","status":"publish","type":"post","link":"https:\/\/wgphoto.pl\/t\/?p=4140","title":{"rendered":"Sorry, geen dienst"},"content":{"rendered":"\n<figure class=\"wp-block-image aligncenter size-full\"><img loading=\"lazy\" decoding=\"async\" width=\"1300\" height=\"861\" src=\"https:\/\/wgphoto.pl\/t\/wp-content\/uploads\/2024\/10\/IMGP1203.jpg\" alt=\"\" class=\"wp-image-4141\" srcset=\"https:\/\/wgphoto.pl\/t\/wp-content\/uploads\/2024\/10\/IMGP1203.jpg 1300w, https:\/\/wgphoto.pl\/t\/wp-content\/uploads\/2024\/10\/IMGP1203-300x199.jpg 300w, https:\/\/wgphoto.pl\/t\/wp-content\/uploads\/2024\/10\/IMGP1203-768x509.jpg 768w\" sizes=\"auto, (max-width: 1300px) 100vw, 1300px\" \/><\/figure>\n\n\n\n<div class=\"wp-block-group has-global-padding is-layout-constrained wp-block-group-is-layout-constrained\">\n<p>Rotterdam, Randweg. W deszczowy poranek tramwaj, pomimo wy\u015bwietlenia numeru linii, przeprasza za wy\u0142\u0105czenie z ruchu. Mnie to jednak nie rusza, bo tramwaj bez pasa\u017cer\u00f3w nadaje si\u0119 do zdj\u0119cia r\u00f3wnie dobrze. 02.05.2017<\/p>\n<\/div>\n","protected":false},"excerpt":{"rendered":"<p>Rotterdam, Randweg. W deszczowy poranek tramwaj, pomimo wy\u015bwietlenia numeru linii, przeprasza za wy\u0142\u0105czenie z ruchu. Mnie to jednak nie rusza, bo tramwaj bez pasa\u017cer\u00f3w nadaje si\u0119 do zdj\u0119cia r\u00f3wnie dobrze. 02.05.2017<\/p>\n","protected":false},"author":1,"featured_media":4141,"comment_status":"open","ping_status":"","sticky":false,"template":"","format":"standard","meta":{"footnotes":""},"categories":[368,3],"tags":[376,170,13,370,395,787,374,375,73],"class_list":["post-4140","post","type-post","status-publish","format-standard","has-post-thumbnail","hentry","category-rok-2017","category-tramwaj","tag-2017-05-02","tag-alstom-citadis302","tag-deszcz","tag-holandia","tag-lustro","tag-majowka-2017-2","tag-ret-rotterdam","tag-rotterdam","tag-rzeka"],"_links":{"self":[{"href":"https:\/\/wgphoto.pl\/t\/index.php?rest_route=\/wp\/v2\/posts\/4140","targetHints":{"allow":["GET"]}}],"collection":[{"href":"https:\/\/wgphoto.pl\/t\/index.php?rest_route=\/wp\/v2\/posts"}],"about":[{"href":"https:\/\/wgphoto.pl\/t\/index.php?rest_route=\/wp\/v2\/types\/post"}],"author":[{"embeddable":true,"href":"https:\/\/wgphoto.pl\/t\/index.php?rest_route=\/wp\/v2\/users\/1"}],"replies":[{"embeddable":true,"href":"https:\/\/wgphoto.pl\/t\/index.php?rest_route=%2Fwp%2Fv2%2Fcomments&post=4140"}],"version-history":[{"count":1,"href":"https:\/\/wgphoto.pl\/t\/index.php?rest_route=\/wp\/v2\/posts\/4140\/revisions"}],"predecessor-version":[{"id":4142,"href":"https:\/\/wgphoto.pl\/t\/index.php?rest_route=\/wp\/v2\/posts\/4140\/revisions\/4142"}],"wp:featuredmedia":[{"embeddable":true,"href":"https:\/\/wgphoto.pl\/t\/index.php?rest_route=\/wp\/v2\/media\/4141"}],"wp:attachment":[{"href":"https:\/\/wgphoto.pl\/t\/index.php?rest_route=%2Fwp%2Fv2%2Fmedia&parent=4140"}],"wp:term":[{"taxonomy":"category","embeddable":true,"href":"https:\/\/wgphoto.pl\/t\/index.php?rest_route=%2Fwp%2Fv2%2Fcategories&post=4140"},{"taxonomy":"post_tag","embeddable":true,"href":"https:\/\/wgphoto.pl\/t\/index.php?rest_route=%2Fwp%2Fv2%2Ftags&post=4140"}],"curies":[{"name":"wp","href":"https:\/\/api.w.org\/{rel}","templated":true}]}}