{"id":4146,"date":"2024-10-28T20:58:33","date_gmt":"2024-10-28T19:58:33","guid":{"rendered":"https:\/\/wgphoto.pl\/t\/?p=4146"},"modified":"2024-10-28T20:58:33","modified_gmt":"2024-10-28T19:58:33","slug":"eu07-465-dziekujemy-za-wspolprace","status":"publish","type":"post","link":"https:\/\/wgphoto.pl\/t\/?p=4146","title":{"rendered":"EU07-465 dzi\u0119kujemy za wsp\u00f3\u0142prac\u0119"},"content":{"rendered":"\n<figure class=\"wp-block-image aligncenter size-full\"><img loading=\"lazy\" decoding=\"async\" width=\"1300\" height=\"872\" src=\"https:\/\/wgphoto.pl\/t\/wp-content\/uploads\/2024\/10\/0508-26.jpg\" alt=\"\" class=\"wp-image-4147\" srcset=\"https:\/\/wgphoto.pl\/t\/wp-content\/uploads\/2024\/10\/0508-26.jpg 1300w, https:\/\/wgphoto.pl\/t\/wp-content\/uploads\/2024\/10\/0508-26-300x201.jpg 300w, https:\/\/wgphoto.pl\/t\/wp-content\/uploads\/2024\/10\/0508-26-768x515.jpg 768w\" sizes=\"auto, (max-width: 1300px) 100vw, 1300px\" \/><\/figure>\n\n\n\n<div class=\"wp-block-group has-global-padding is-layout-constrained wp-block-group-is-layout-constrained\">\n<p>Tytu\u0142owa maszyna dojecha\u0142a do ko\u0144ca zelektryfikowanego odcinka z nocnym &#8222;Podlasiakiem&#8221; relacji Szczecin G\u0142\u00f3wny &#8211; Bia\u0142ystok. W Korszach zapnie si\u0119 do sk\u0142adu diesel widoczny w tle oraz na kolejnych zdj\u0119ciach. 01.05.2005<\/p>\n<\/div>\n","protected":false},"excerpt":{"rendered":"<p>Tytu\u0142owa maszyna dojecha\u0142a do ko\u0144ca zelektryfikowanego odcinka z nocnym &#8222;Podlasiakiem&#8221; relacji Szczecin G\u0142\u00f3wny &#8211; Bia\u0142ystok. W Korszach zapnie si\u0119 do sk\u0142adu diesel widoczny w tle oraz na kolejnych zdj\u0119ciach. 01.05.2005<\/p>\n","protected":false},"author":1,"featured_media":4147,"comment_status":"open","ping_status":"","sticky":false,"template":"","format":"standard","meta":{"footnotes":""},"categories":[62,2,311],"tags":[646,122,1366,645,63,27,176,322],"class_list":["post-4146","post","type-post","status-publish","format-standard","has-post-thumbnail","hentry","category-analog","category-kolej","category-rok-2005","tag-2005-05-01","tag-eu07","tag-korsze","tag-majowka-2005-2","tag-pkp","tag-polska","tag-rano","tag-tab-pl510"],"_links":{"self":[{"href":"https:\/\/wgphoto.pl\/t\/index.php?rest_route=\/wp\/v2\/posts\/4146","targetHints":{"allow":["GET"]}}],"collection":[{"href":"https:\/\/wgphoto.pl\/t\/index.php?rest_route=\/wp\/v2\/posts"}],"about":[{"href":"https:\/\/wgphoto.pl\/t\/index.php?rest_route=\/wp\/v2\/types\/post"}],"author":[{"embeddable":true,"href":"https:\/\/wgphoto.pl\/t\/index.php?rest_route=\/wp\/v2\/users\/1"}],"replies":[{"embeddable":true,"href":"https:\/\/wgphoto.pl\/t\/index.php?rest_route=%2Fwp%2Fv2%2Fcomments&post=4146"}],"version-history":[{"count":1,"href":"https:\/\/wgphoto.pl\/t\/index.php?rest_route=\/wp\/v2\/posts\/4146\/revisions"}],"predecessor-version":[{"id":4148,"href":"https:\/\/wgphoto.pl\/t\/index.php?rest_route=\/wp\/v2\/posts\/4146\/revisions\/4148"}],"wp:featuredmedia":[{"embeddable":true,"href":"https:\/\/wgphoto.pl\/t\/index.php?rest_route=\/wp\/v2\/media\/4147"}],"wp:attachment":[{"href":"https:\/\/wgphoto.pl\/t\/index.php?rest_route=%2Fwp%2Fv2%2Fmedia&parent=4146"}],"wp:term":[{"taxonomy":"category","embeddable":true,"href":"https:\/\/wgphoto.pl\/t\/index.php?rest_route=%2Fwp%2Fv2%2Fcategories&post=4146"},{"taxonomy":"post_tag","embeddable":true,"href":"https:\/\/wgphoto.pl\/t\/index.php?rest_route=%2Fwp%2Fv2%2Ftags&post=4146"}],"curies":[{"name":"wp","href":"https:\/\/api.w.org\/{rel}","templated":true}]}}