{"id":4158,"date":"2024-10-28T21:02:26","date_gmt":"2024-10-28T20:02:26","guid":{"rendered":"https:\/\/wgphoto.pl\/t\/?p=4158"},"modified":"2024-10-28T21:02:26","modified_gmt":"2024-10-28T20:02:26","slug":"czekajac-na-krzyzowanie","status":"publish","type":"post","link":"https:\/\/wgphoto.pl\/t\/?p=4158","title":{"rendered":"Czekaj\u0105c na krzy\u017cowanie"},"content":{"rendered":"\n<figure class=\"wp-block-image aligncenter size-full\"><img loading=\"lazy\" decoding=\"async\" width=\"1300\" height=\"867\" src=\"https:\/\/wgphoto.pl\/t\/wp-content\/uploads\/2024\/10\/0508-30.jpg\" alt=\"\" class=\"wp-image-4159\" srcset=\"https:\/\/wgphoto.pl\/t\/wp-content\/uploads\/2024\/10\/0508-30.jpg 1300w, https:\/\/wgphoto.pl\/t\/wp-content\/uploads\/2024\/10\/0508-30-300x200.jpg 300w, https:\/\/wgphoto.pl\/t\/wp-content\/uploads\/2024\/10\/0508-30-768x512.jpg 768w\" sizes=\"auto, (max-width: 1300px) 100vw, 1300px\" \/><\/figure>\n\n\n\n<div class=\"wp-block-group has-global-padding is-layout-constrained wp-block-group-is-layout-constrained\">\n<p>SU45-211 z nocnym poci\u0105giem pospiesznym 81200 &#8222;Podlasiak&#8221; relacji Szczecin G\u0142\u00f3wny &#8211; Bia\u0142ystok podczas postoju w Starych Juchach, gdzie nast\u0105pi krzy\u017cowanie z dziennym &#8222;Rybakiem&#8221; relacji przeciwnej. 01.05.2005<\/p>\n<\/div>\n","protected":false},"excerpt":{"rendered":"<p>SU45-211 z nocnym poci\u0105giem pospiesznym 81200 &#8222;Podlasiak&#8221; relacji Szczecin G\u0142\u00f3wny &#8211; Bia\u0142ystok podczas postoju w Starych Juchach, gdzie nast\u0105pi krzy\u017cowanie z dziennym &#8222;Rybakiem&#8221; relacji przeciwnej. 01.05.2005<\/p>\n","protected":false},"author":1,"featured_media":4159,"comment_status":"open","ping_status":"","sticky":false,"template":"","format":"standard","meta":{"footnotes":""},"categories":[62,2,311],"tags":[646,151,645,1186,63,27,1751,290,322],"class_list":["post-4158","post","type-post","status-publish","format-standard","has-post-thumbnail","hentry","category-analog","category-kolej","category-rok-2005","tag-2005-05-01","tag-ludzie","tag-majowka-2005-2","tag-na-wsiadanego","tag-pkp","tag-polska","tag-stare-juchy","tag-su45","tag-tab-pl510"],"_links":{"self":[{"href":"https:\/\/wgphoto.pl\/t\/index.php?rest_route=\/wp\/v2\/posts\/4158","targetHints":{"allow":["GET"]}}],"collection":[{"href":"https:\/\/wgphoto.pl\/t\/index.php?rest_route=\/wp\/v2\/posts"}],"about":[{"href":"https:\/\/wgphoto.pl\/t\/index.php?rest_route=\/wp\/v2\/types\/post"}],"author":[{"embeddable":true,"href":"https:\/\/wgphoto.pl\/t\/index.php?rest_route=\/wp\/v2\/users\/1"}],"replies":[{"embeddable":true,"href":"https:\/\/wgphoto.pl\/t\/index.php?rest_route=%2Fwp%2Fv2%2Fcomments&post=4158"}],"version-history":[{"count":1,"href":"https:\/\/wgphoto.pl\/t\/index.php?rest_route=\/wp\/v2\/posts\/4158\/revisions"}],"predecessor-version":[{"id":4160,"href":"https:\/\/wgphoto.pl\/t\/index.php?rest_route=\/wp\/v2\/posts\/4158\/revisions\/4160"}],"wp:featuredmedia":[{"embeddable":true,"href":"https:\/\/wgphoto.pl\/t\/index.php?rest_route=\/wp\/v2\/media\/4159"}],"wp:attachment":[{"href":"https:\/\/wgphoto.pl\/t\/index.php?rest_route=%2Fwp%2Fv2%2Fmedia&parent=4158"}],"wp:term":[{"taxonomy":"category","embeddable":true,"href":"https:\/\/wgphoto.pl\/t\/index.php?rest_route=%2Fwp%2Fv2%2Fcategories&post=4158"},{"taxonomy":"post_tag","embeddable":true,"href":"https:\/\/wgphoto.pl\/t\/index.php?rest_route=%2Fwp%2Fv2%2Ftags&post=4158"}],"curies":[{"name":"wp","href":"https:\/\/api.w.org\/{rel}","templated":true}]}}